{"id":816,"date":"2016-11-10T10:23:36","date_gmt":"2016-11-10T09:23:36","guid":{"rendered":"http:\/\/www.kunertwellpappe.de\/?p=816"},"modified":"2020-04-22T10:52:07","modified_gmt":"2020-04-22T08:52:07","slug":"fachpack-2016-review-persoenliche-beratung-partnerschaftliche-zusammenarbeit-erfolgreiche-innovationen","status":"publish","type":"post","link":"https:\/\/www.kunertwellpappe.de\/de\/fachpack-2016-review-persoenliche-beratung-partnerschaftliche-zusammenarbeit-erfolgreiche-innovationen\/","title":{"rendered":"FachPack 2016 Review: Pers\u00f6nliche Beratung, partnerschaftliche Zusammenarbeit, erfolgreiche Innovationen"},"content":{"rendered":"\t\t<div data-elementor-type=\"wp-post\" data-elementor-id=\"816\" class=\"elementor elementor-816\" data-elementor-settings=\"{&quot;element_pack_global_tooltip_width&quot;:{&quot;unit&quot;:&quot;px&quot;,&quot;size&quot;:&quot;&quot;,&quot;sizes&quot;:[]},&quot;element_pack_global_tooltip_width_tablet&quot;:{&quot;unit&quot;:&quot;px&quot;,&quot;size&quot;:&quot;&quot;,&quot;sizes&quot;:[]},&quot;element_pack_global_tooltip_width_mobile&quot;:{&quot;unit&quot;:&quot;px&quot;,&quot;size&quot;:&quot;&quot;,&quot;sizes&quot;:[]},&quot;element_pack_global_tooltip_padding&quot;:{&quot;unit&quot;:&quot;px&quot;,&quot;top&quot;:&quot;&quot;,&quot;right&quot;:&quot;&quot;,&quot;bottom&quot;:&quot;&quot;,&quot;left&quot;:&quot;&quot;,&quot;isLinked&quot;:true},&quot;element_pack_global_tooltip_padding_tablet&quot;:{&quot;unit&quot;:&quot;px&quot;,&quot;top&quot;:&quot;&quot;,&quot;right&quot;:&quot;&quot;,&quot;bottom&quot;:&quot;&quot;,&quot;left&quot;:&quot;&quot;,&quot;isLinked&quot;:true},&quot;element_pack_global_tooltip_padding_mobile&quot;:{&quot;unit&quot;:&quot;px&quot;,&quot;top&quot;:&quot;&quot;,&quot;right&quot;:&quot;&quot;,&quot;bottom&quot;:&quot;&quot;,&quot;left&quot;:&quot;&quot;,&quot;isLinked&quot;:true},&quot;element_pack_global_tooltip_border_radius&quot;:{&quot;unit&quot;:&quot;px&quot;,&quot;top&quot;:&quot;&quot;,&quot;right&quot;:&quot;&quot;,&quot;bottom&quot;:&quot;&quot;,&quot;left&quot;:&quot;&quot;,&quot;isLinked&quot;:true},&quot;element_pack_global_tooltip_border_radius_tablet&quot;:{&quot;unit&quot;:&quot;px&quot;,&quot;top&quot;:&quot;&quot;,&quot;right&quot;:&quot;&quot;,&quot;bottom&quot;:&quot;&quot;,&quot;left&quot;:&quot;&quot;,&quot;isLinked&quot;:true},&quot;element_pack_global_tooltip_border_radius_mobile&quot;:{&quot;unit&quot;:&quot;px&quot;,&quot;top&quot;:&quot;&quot;,&quot;right&quot;:&quot;&quot;,&quot;bottom&quot;:&quot;&quot;,&quot;left&quot;:&quot;&quot;,&quot;isLinked&quot;:true}}\" data-elementor-post-type=\"post\">\n\t\t\t\t\t\t<section class=\"elementor-section elementor-top-section elementor-element elementor-element-6ff7cee4 elementor-section-boxed elementor-section-height-default elementor-section-height-default\" data-id=\"6ff7cee4\" data-element_type=\"section\" data-e-type=\"section\" data-settings=\"{&quot;jet_parallax_layout_list&quot;:[]}\">\n\t\t\t\t\t\t<div class=\"elementor-container elementor-column-gap-default\">\n\t\t\t\t\t<div class=\"elementor-column elementor-col-100 elementor-top-column elementor-element elementor-element-67101f87\" data-id=\"67101f87\" data-element_type=\"column\" data-e-type=\"column\">\n\t\t\t<div class=\"elementor-widget-wrap elementor-element-populated\">\n\t\t\t\t\t\t<div class=\"elementor-element elementor-element-2a0ea3bd elementor-widget elementor-widget-text-editor\" data-id=\"2a0ea3bd\" data-element_type=\"widget\" data-e-type=\"widget\" data-widget_type=\"text-editor.default\">\n\t\t\t\t<div class=\"elementor-widget-container\">\n\t\t\t\t\t\t\t\t\tGro\u00dfer Besucherandrang am Stand, eine Vielzahl neuer Verpackungsl\u00f6sungen der Kunert Gruppe, die wie die Live-Demonstrationen beim gut informierten Fachpublikum auf gro\u00dfes Interesse und Zuspruch gesto\u00dfen sind \u2013 und als Kr\u00f6nung auch noch der Innovationspreis der Branche, die Goldene Welle, f\u00fcr den Einwegcontainer aus Wellpappe von Kunert Wellpappe: Die Bilanz der Kunert Gruppe zur Branchenmesse FachPack 2016 k\u00f6nnte besser kaum sein.\r\n\u201eNat\u00fcrlich pr\u00e4sentieren wir auf Messen gerne unsere neuen Produkte und Anwendungen. Das Salz in der Suppe sind f\u00fcr uns die Gespr\u00e4che mit Kunden und Interessenten am Messestand. Als Unternehmensgruppe, in deren DNA Beratungskompetenz und die Suche nach den jeweils besten Branchenl\u00f6sungen fest eingeschrieben ist, suchen wir diesen unmittelbaren Austausch bei jeder Gelegenheit: Auf Messen genauso wie in Workshops oder Vorf\u00fchrungen direkt beim Kunden oder an einem unserer Standorte\u201c, sagt Manfred Kunert, gesch\u00e4ftsf\u00fchrender Gesellschafter von Paul &amp; Co. Die pers\u00f6nliche Beratung ist Herzst\u00fcck eines jeden Projekts der Kunert Unternehmensgruppe. Wer also keine Gelegenheit hatte, den Stand der Kunert Gruppe auf der FachPack zu besuchen, ist auch nach der Messe eingeladen, einen Mitarbeiter der Unternehmensgruppe auf sein Verpackungs- oder H\u00fclsen-Projekt anzusprechen.\r\nBesonderes Interesse der Messebesucher haben die Neuheiten Tack\u00a0High\u00a0Core und Flex-Winkel hervorgerufen sowie der Einweg-Container aus Wellpappe f\u00fcr den \u00dcberseeversand, der mit dem Innovationspreis Wellpappe ausgezeichnet worden ist.\t\t\t\t\t\t\t\t<\/div>\n\t\t\t\t<\/div>\n\t\t\t\t\t<\/div>\n\t\t<\/div>\n\t\t\t\t\t<\/div>\n\t\t<\/section>\n\t\t\t\t<section class=\"elementor-section elementor-top-section elementor-element elementor-element-cd95ca5 elementor-section-boxed elementor-section-height-default elementor-section-height-default\" data-id=\"cd95ca5\" data-element_type=\"section\" data-e-type=\"section\" data-settings=\"{&quot;jet_parallax_layout_list&quot;:[]}\">\n\t\t\t\t\t\t<div class=\"elementor-container elementor-column-gap-default\">\n\t\t\t\t\t<div class=\"elementor-column elementor-col-33 elementor-top-column elementor-element elementor-element-4556585\" data-id=\"4556585\" data-element_type=\"column\" data-e-type=\"column\" data-settings=\"{&quot;background_background&quot;:&quot;classic&quot;}\">\n\t\t\t<div class=\"elementor-widget-wrap\">\n\t\t\t\t\t\t\t<\/div>\n\t\t<\/div>\n\t\t\t\t<div class=\"elementor-column elementor-col-66 elementor-top-column elementor-element elementor-element-43aff3d\" data-id=\"43aff3d\" data-element_type=\"column\" data-e-type=\"column\" data-settings=\"{&quot;background_background&quot;:&quot;classic&quot;}\">\n\t\t\t<div class=\"elementor-widget-wrap elementor-element-populated\">\n\t\t\t\t\t\t<div class=\"elementor-element elementor-element-9ab8c6b elementor-widget elementor-widget-text-editor\" data-id=\"9ab8c6b\" data-element_type=\"widget\" data-e-type=\"widget\" data-widget_type=\"text-editor.default\">\n\t\t\t\t<div class=\"elementor-widget-container\">\n\t\t\t\t\t\t\t\t\t<p><strong>Tack High Core: Innovation mit Klebekraft<\/strong><br \/>Paul und Co hat neue H\u00fclsen f\u00fcr Papier und Folien pr\u00e4sentiert, deren Oberfl\u00e4che komplett mit einem Haftkleber ausgestattet ist, der bei Bedarf mit Wasser aktiviert werden kann. Davon, wie sicher und einfach das funktioniert, konnten sich die Besucher bei den Vorf\u00fchrungen am Stand der Kunert Gruppe \u00fcberzeugen. Ob der Kleber vollfl\u00e4chig oder nur partiell wirken soll, wird ebenso wie die Haftst\u00e4rke selbst einfach \u00fcber die aufgebrachte Wassermenge reguliert. Die Vorteile: Auf den Einsatz von Anwickelhilfen kann verzichtet werden, Staubanf\u00e4lligkeit insbesondere beim H\u00fclsenschneiden und Abdr\u00fccke von Klebebandkanten im Wickelgut geh\u00f6ren der Vergangenheit an. Die angelegte Folie kann\u00a0 vor Wickelbeginn korrigiert und neu positioniert werden. Die Oberfl\u00e4chen der H\u00fclsen sind ohne Befeuchtung glatt und kleben nicht aneinander, das gilt auch bei hohen Temperaturen oder gro\u00dfer Luftfeuchtigkeit. Paul &amp; Co zeigt gerne vor Ort, wie einfach sich die Tack high Core anwenden l\u00e4sst.<\/p>\t\t\t\t\t\t\t\t<\/div>\n\t\t\t\t<\/div>\n\t\t\t\t\t<\/div>\n\t\t<\/div>\n\t\t\t\t\t<\/div>\n\t\t<\/section>\n\t\t\t\t<section class=\"elementor-section elementor-top-section elementor-element elementor-element-06cb76b elementor-section-boxed elementor-section-height-default elementor-section-height-default\" data-id=\"06cb76b\" data-element_type=\"section\" data-e-type=\"section\" data-settings=\"{&quot;jet_parallax_layout_list&quot;:[]}\">\n\t\t\t\t\t\t<div class=\"elementor-container elementor-column-gap-default\">\n\t\t\t\t\t<div class=\"elementor-column elementor-col-66 elementor-top-column elementor-element elementor-element-7ec1750\" data-id=\"7ec1750\" data-element_type=\"column\" data-e-type=\"column\">\n\t\t\t<div class=\"elementor-widget-wrap elementor-element-populated\">\n\t\t\t\t\t\t<div class=\"elementor-element elementor-element-784bea4 elementor-widget elementor-widget-text-editor\" data-id=\"784bea4\" data-element_type=\"widget\" data-e-type=\"widget\" data-widget_type=\"text-editor.default\">\n\t\t\t\t<div class=\"elementor-widget-container\">\n\t\t\t\t\t\t\t\t\t<p><strong>Flex-Winkel: Sicherheit durch flexiblen Schutz f\u00fcr Oktabins<\/strong><br \/>Mit dem Winkelkantenschutz <a title=\"Opens internal link in current window\" href=\"https:\/\/www.paulundco.de\/de\/transportschutz\/winkelkantenschutz\/flex-winkel\/\" target=\"_blank\" rel=\"noopener\">Flex-Winkel<\/a>\u00a0hat die Kunert Gruppe eine weitere Neuheit pr\u00e4sentiert: Die Ladungssicherung, die Paul &amp; Co zusammen mit Kunert Wellpappe Bad Neustadt entwickelt hat, passt sich flexibel verschiedenen Kartonecken an. Der Flex-Winkel liegt damit sicher und plan an der Ladung an. Zwei seitliche Gurtf\u00fchrungen sorgen daf\u00fcr, dass die Spanngurte in Position bleiben. Mit dem Flex-Winkel bieten Paul\u00a0&amp;\u00a0Co und Kunert\u00a0Wellpappe ein komplettes System zur Sicherung von Oktabins an.<\/p>\t\t\t\t\t\t\t\t<\/div>\n\t\t\t\t<\/div>\n\t\t\t\t\t<\/div>\n\t\t<\/div>\n\t\t\t\t<div class=\"elementor-column elementor-col-33 elementor-top-column elementor-element elementor-element-40ca264\" data-id=\"40ca264\" data-element_type=\"column\" data-e-type=\"column\" data-settings=\"{&quot;background_background&quot;:&quot;classic&quot;}\">\n\t\t\t<div class=\"elementor-widget-wrap\">\n\t\t\t\t\t\t\t<\/div>\n\t\t<\/div>\n\t\t\t\t\t<\/div>\n\t\t<\/section>\n\t\t\t\t<section class=\"elementor-section elementor-top-section elementor-element elementor-element-a1dcda6 elementor-section-boxed elementor-section-height-default elementor-section-height-default\" data-id=\"a1dcda6\" data-element_type=\"section\" data-e-type=\"section\" data-settings=\"{&quot;jet_parallax_layout_list&quot;:[]}\">\n\t\t\t\t\t\t<div class=\"elementor-container elementor-column-gap-default\">\n\t\t\t\t\t<div class=\"elementor-column elementor-col-33 elementor-top-column elementor-element elementor-element-696da05\" data-id=\"696da05\" data-element_type=\"column\" data-e-type=\"column\" data-settings=\"{&quot;background_background&quot;:&quot;classic&quot;}\">\n\t\t\t<div class=\"elementor-widget-wrap\">\n\t\t\t\t\t\t\t<\/div>\n\t\t<\/div>\n\t\t\t\t<div class=\"elementor-column elementor-col-66 elementor-top-column elementor-element elementor-element-d57d9e1\" data-id=\"d57d9e1\" data-element_type=\"column\" data-e-type=\"column\" data-settings=\"{&quot;background_background&quot;:&quot;classic&quot;}\">\n\t\t\t<div class=\"elementor-widget-wrap elementor-element-populated\">\n\t\t\t\t\t\t<div class=\"elementor-element elementor-element-8d9c0ba elementor-widget elementor-widget-text-editor\" data-id=\"8d9c0ba\" data-element_type=\"widget\" data-e-type=\"widget\" data-widget_type=\"text-editor.default\">\n\t\t\t\t<div class=\"elementor-widget-container\">\n\t\t\t\t\t\t\t\t\t<p><strong>Preisgekr\u00f6nte Innovation: Einwegladungstr\u00e4ger aus Wellpappe f\u00fcr den \u00dcberseeversand gewinnt Goldene Welle<\/strong><br \/>F\u00fcr eine innovative Alternative zu robusten, aber schweren Stahlcontainern,\u00a0 ist Kunert Wellpappe w\u00e4hrend der FachPack mit dem Innovationspreis Wellpappe (Platz 2 in der Leistungsgruppe Lagerung und Transport) ausgezeichnet worden. Die Spezialisten f\u00fcr Verpackungen aus Wellpappe haben in enger Zusammenarbeit mit SaarGummi, einem Lieferanten von Dichtungssystemen f\u00fcr die Automobilindustrie, einen Einwegcontainer aus Wellpappe f\u00fcr den \u00dcberseeversand entwickelt und produziert, der die St\u00e4rken von Stahl aufweist \u2013 und zus\u00e4tzlich weitere Vorteile bietet.<br \/>Die Jury begr\u00fcndet ihre Auszeichnung auch mit dem \u00f6kologischen Mehrwert: \u201eDer Einwegladungstr\u00e4ger ersetzt einen Stahlcontainer. Die Vorteile: Geringere Umweltauswirkungen in der Herstellung, keine Kosten f\u00fcr die R\u00fcckf\u00fchrung, einfaches Recycling am Zielort, geringeres Transportgewicht und erheblich niedrigere Beschaffungskosten.\u201c<\/p>\t\t\t\t\t\t\t\t<\/div>\n\t\t\t\t<\/div>\n\t\t\t\t\t<\/div>\n\t\t<\/div>\n\t\t\t\t\t<\/div>\n\t\t<\/section>\n\t\t\t\t<section class=\"elementor-section elementor-top-section elementor-element elementor-element-7e70507 elementor-section-boxed elementor-section-height-default elementor-section-height-default\" data-id=\"7e70507\" data-element_type=\"section\" data-e-type=\"section\" data-settings=\"{&quot;jet_parallax_layout_list&quot;:[]}\">\n\t\t\t\t\t\t<div class=\"elementor-container elementor-column-gap-default\">\n\t\t\t\t\t<div class=\"elementor-column elementor-col-66 elementor-top-column elementor-element elementor-element-b6c09e4\" data-id=\"b6c09e4\" data-element_type=\"column\" data-e-type=\"column\">\n\t\t\t<div class=\"elementor-widget-wrap elementor-element-populated\">\n\t\t\t\t\t\t<div class=\"elementor-element elementor-element-48c6458 elementor-widget elementor-widget-text-editor\" data-id=\"48c6458\" data-element_type=\"widget\" data-e-type=\"widget\" data-widget_type=\"text-editor.default\">\n\t\t\t\t<div class=\"elementor-widget-container\">\n\t\t\t\t\t\t\t\t\t<p><strong><br><\/strong><\/p><p><strong>Kundenzeitung informiert umfassend<\/strong><br>Zu welchen Ergebnissen, Produkten und L\u00f6sungen die partnerschaftliche Zusammenarbeit der Kunert&nbsp;Gruppe mit ihren Kunden in den letzten Monaten gef\u00fchrt hat, zeigt Kunert in seiner Kundenzeitung . Sie enth\u00e4lt Berichte zu Produktinnovationen und Serviceangeboten, gibt mit Themen wie Ausbildung oder Standorten aber auch Einblicke in das \u201eInnenleben\u201c des international t\u00e4tigen Familienunternehmens.<\/p><p><br><\/p>\t\t\t\t\t\t\t\t<\/div>\n\t\t\t\t<\/div>\n\t\t\t\t\t<\/div>\n\t\t<\/div>\n\t\t\t\t<div class=\"elementor-column elementor-col-33 elementor-top-column elementor-element elementor-element-9929c35\" data-id=\"9929c35\" data-element_type=\"column\" data-e-type=\"column\" data-settings=\"{&quot;background_background&quot;:&quot;classic&quot;}\">\n\t\t\t<div class=\"elementor-widget-wrap\">\n\t\t\t\t\t\t\t<\/div>\n\t\t<\/div>\n\t\t\t\t\t<\/div>\n\t\t<\/section>\n\t\t\t\t<\/div>\n\t\t","protected":false},"excerpt":{"rendered":"<p>Gro\u00dfer Besucherandrang am Stand, eine Vielzahl neuer Verpackungsl\u00f6sungen der Kunert Gruppe, die wie die Live-Demonstrationen beim gut informierten Fachpublikum auf gro\u00dfes Interesse und Zuspruch gesto\u00dfen sind \u2013 und als Kr\u00f6nung auch noch der Innovationspreis der Branche, die Goldene Welle, f\u00fcr den Einwegcontainer aus Wellpappe von Kunert Wellpappe: Die Bilanz der Kunert Gruppe zur Branchenmesse FachPack &#8230; <a title=\"FachPack 2016 Review: Pers\u00f6nliche Beratung, partnerschaftliche Zusammenarbeit, erfolgreiche Innovationen\" class=\"read-more\" href=\"https:\/\/www.kunertwellpappe.de\/de\/fachpack-2016-review-persoenliche-beratung-partnerschaftliche-zusammenarbeit-erfolgreiche-innovationen\/\" aria-label=\"Mehr Informationen \u00fcber FachPack 2016 Review: Pers\u00f6nliche Beratung, partnerschaftliche Zusammenarbeit, erfolgreiche Innovationen\">Weiterlesen<\/a><\/p>\n","protected":false},"author":3,"featured_media":821,"comment_status":"closed","ping_status":"open","sticky":false,"template":"","format":"standard","meta":{"_jf_save_progress":"","footnotes":""},"categories":[19],"tags":[],"class_list":["post-816","post","type-post","status-publish","format-standard","has-post-thumbnail","hentry","category-messe"],"_links":{"self":[{"href":"https:\/\/www.kunertwellpappe.de\/de\/wp-json\/wp\/v2\/posts\/816","targetHints":{"allow":["GET"]}}],"collection":[{"href":"https:\/\/www.kunertwellpappe.de\/de\/wp-json\/wp\/v2\/posts"}],"about":[{"href":"https:\/\/www.kunertwellpappe.de\/de\/wp-json\/wp\/v2\/types\/post"}],"author":[{"embeddable":true,"href":"https:\/\/www.kunertwellpappe.de\/de\/wp-json\/wp\/v2\/users\/3"}],"replies":[{"embeddable":true,"href":"https:\/\/www.kunertwellpappe.de\/de\/wp-json\/wp\/v2\/comments?post=816"}],"version-history":[{"count":4,"href":"https:\/\/www.kunertwellpappe.de\/de\/wp-json\/wp\/v2\/posts\/816\/revisions"}],"predecessor-version":[{"id":829,"href":"https:\/\/www.kunertwellpappe.de\/de\/wp-json\/wp\/v2\/posts\/816\/revisions\/829"}],"wp:featuredmedia":[{"embeddable":true,"href":"https:\/\/www.kunertwellpappe.de\/de\/wp-json\/wp\/v2\/media\/821"}],"wp:attachment":[{"href":"https:\/\/www.kunertwellpappe.de\/de\/wp-json\/wp\/v2\/media?parent=816"}],"wp:term":[{"taxonomy":"category","embeddable":true,"href":"https:\/\/www.kunertwellpappe.de\/de\/wp-json\/wp\/v2\/categories?post=816"},{"taxonomy":"post_tag","embeddable":true,"href":"https:\/\/www.kunertwellpappe.de\/de\/wp-json\/wp\/v2\/tags?post=816"}],"curies":[{"name":"wp","href":"https:\/\/api.w.org\/{rel}","templated":true}]}}