{"id":813,"date":"2017-01-13T10:20:03","date_gmt":"2017-01-13T09:20:03","guid":{"rendered":"http:\/\/www.kunertwellpappe.de\/?p=813"},"modified":"2020-04-22T10:23:12","modified_gmt":"2020-04-22T08:23:12","slug":"kunert-wellpappe-waechst-in-die-hoehe","status":"publish","type":"post","link":"https:\/\/www.kunertwellpappe.de\/de\/kunert-wellpappe-waechst-in-die-hoehe\/","title":{"rendered":"Kunert Wellpappe w\u00e4chst in die H\u00f6he"},"content":{"rendered":"<div id=\"c15163\" class=\"frame frame-default frame-type-text frame-layout-0\">\n<p><strong>Es ist eine der gr\u00f6\u00dften Investitionen in der Unternehmensgeschichte: Auf einer Baufl\u00e4che von rund 4.000 Quadratmetern baut Kunert Wellpappe 2017 ein vollautomatisiertes Logistikzentrum, das eine optimale Platzausnutzung mit bis zu 42 Metern H\u00f6he bietet. Hier k\u00f6nnen in Zukunft 16.000 Paletten gelagert und verwaltet werden. Das geplante Investitionsvolumen f\u00fcr das gesamte Logistikzentrum bewegt sich in einem zweistelligen Millionenbereich.<\/strong><\/p>\n<p>&nbsp;<\/p>\n<p><strong><em>Bad Neustadt a. d. Saale, 13.01.2017 <\/em><\/strong>Mathias Kunert, Gesch\u00e4ftsf\u00fchrer von Kunert Wellpappe erkl\u00e4rt: \u201eDer Bau des Hochregallagers ist der n\u00e4chste logische Schritt, um unseren Kunden noch mehr Liefersicherheit und Schnelligkeit bieten zu k\u00f6nnen.\u201c Bei einem Produkt wie Wellpappverpackungen sind kurze innerbetriebliche Transportwege enorm wichtig. Deswegen fiel die Entscheidung, das neue Logistikzentrum direkt an das Werk in Bad Neustadt anzuschlie\u00dfen. Die Optimierung und Erg\u00e4nzung der automatischen Palettenf\u00f6rderung in den Produktionshallen in Richtung des Hochregallagers erm\u00f6glicht einen sicheren Transport der Fertigware.<\/p>\n<\/div>\n<div id=\"c15164\" class=\"frame frame-default frame-type-triobasis_teaserimageelementright frame-layout-0\">\n<div class=\"teaser-media-element img-right\">\n<div class=\"teaser-media-element__image-wrapper\">Direkt an das Hochregallager wird eine neue Versandhalle angeschlossen. Diese soll in Zukunft eine \u00fcberdachte Beladung von mehreren Lastwagen gleichzeitig erm\u00f6glichen. Dies ist f\u00fcr die Entlastung der innerbetrieblichen Infrastruktur enorm wichtig: t\u00e4glich muss Kunert bis zu 70 Lkw beladen. Bisher mussten die Lkw f\u00fcr eine komplette Ladung teilweise an zwei verschiedenen Stationen im Werk geladen werden. Die Zentralisierung verk\u00fcrzt damit die Lade- und Standzeiten der Transportfahrzeuge enorm, was eine schnellere Auslieferung der Ware zum Kunden nach sich zieht.<\/div>\n<div><\/div>\n<\/div>\n<\/div>\n<div>In erster Linie soll das Logistikzentrum der Effizienzsteigerung der Kunert Wellpappe am Standort Bad Neustadt dienen. Der gesicherte Lagerbestand erlaubt, die Produktionsabl\u00e4ufe so zu optimieren, dass die R\u00fcstzeiten durch l\u00e4ngere Produktionsl\u00e4ufe ausgeglichen werden k\u00f6nnen. Zudem erlaubt es Kunert Wellpappe seine Lieferf\u00e4higkeit auch in der Zukunft und vor allem w\u00e4hrend der Spitzenzeiten in der Produktion auf hohem Niveau zu halten. Der Baubeginn des Logistikzentrums erfolgt in der ersten Jahresh\u00e4lfte 2017. Geplant ist, das Hochregallager bereits ab dem Jahreswechsel 2017\/2018 in Betrieb zu nehmen. Die komplette Fertigstellung aller logistischen Anbindungen an die Produktion und der L\u00fcckenschluss zu bestehenden Produktionshallen werden voraussichtlich bis ins letzte Quartal 2018 andauern.<\/div>\n","protected":false},"excerpt":{"rendered":"<p>Es ist eine der gr\u00f6\u00dften Investitionen in der Unternehmensgeschichte: Auf einer Baufl\u00e4che von rund 4.000 Quadratmetern baut Kunert Wellpappe 2017 ein vollautomatisiertes Logistikzentrum, das eine optimale Platzausnutzung mit bis zu 42 Metern H\u00f6he bietet. Hier k\u00f6nnen in Zukunft 16.000 Paletten gelagert und verwaltet werden. Das geplante Investitionsvolumen f\u00fcr das gesamte Logistikzentrum bewegt sich in einem &#8230; <a title=\"Kunert Wellpappe w\u00e4chst in die H\u00f6he\" class=\"read-more\" href=\"https:\/\/www.kunertwellpappe.de\/de\/kunert-wellpappe-waechst-in-die-hoehe\/\" aria-label=\"Mehr Informationen \u00fcber Kunert Wellpappe w\u00e4chst in die H\u00f6he\">Weiterlesen<\/a><\/p>\n","protected":false},"author":3,"featured_media":814,"comment_status":"closed","ping_status":"open","sticky":false,"template":"","format":"standard","meta":{"_jf_save_progress":"","footnotes":""},"categories":[14],"tags":[29],"class_list":["post-813","post","type-post","status-publish","format-standard","has-post-thumbnail","hentry","category-pressemitteilung","tag-neues-logistikzentrum"],"_links":{"self":[{"href":"https:\/\/www.kunertwellpappe.de\/de\/wp-json\/wp\/v2\/posts\/813","targetHints":{"allow":["GET"]}}],"collection":[{"href":"https:\/\/www.kunertwellpappe.de\/de\/wp-json\/wp\/v2\/posts"}],"about":[{"href":"https:\/\/www.kunertwellpappe.de\/de\/wp-json\/wp\/v2\/types\/post"}],"author":[{"embeddable":true,"href":"https:\/\/www.kunertwellpappe.de\/de\/wp-json\/wp\/v2\/users\/3"}],"replies":[{"embeddable":true,"href":"https:\/\/www.kunertwellpappe.de\/de\/wp-json\/wp\/v2\/comments?post=813"}],"version-history":[{"count":1,"href":"https:\/\/www.kunertwellpappe.de\/de\/wp-json\/wp\/v2\/posts\/813\/revisions"}],"predecessor-version":[{"id":815,"href":"https:\/\/www.kunertwellpappe.de\/de\/wp-json\/wp\/v2\/posts\/813\/revisions\/815"}],"wp:featuredmedia":[{"embeddable":true,"href":"https:\/\/www.kunertwellpappe.de\/de\/wp-json\/wp\/v2\/media\/814"}],"wp:attachment":[{"href":"https:\/\/www.kunertwellpappe.de\/de\/wp-json\/wp\/v2\/media?parent=813"}],"wp:term":[{"taxonomy":"category","embeddable":true,"href":"https:\/\/www.kunertwellpappe.de\/de\/wp-json\/wp\/v2\/categories?post=813"},{"taxonomy":"post_tag","embeddable":true,"href":"https:\/\/www.kunertwellpappe.de\/de\/wp-json\/wp\/v2\/tags?post=813"}],"curies":[{"name":"wp","href":"https:\/\/api.w.org\/{rel}","templated":true}]}}