{"id":802,"date":"2017-06-24T09:53:20","date_gmt":"2017-06-24T07:53:20","guid":{"rendered":"http:\/\/www.kunertwellpappe.de\/?p=802"},"modified":"2020-04-22T09:56:30","modified_gmt":"2020-04-22T07:56:30","slug":"777-kilometer-fuer-einen-guten-zweck","status":"publish","type":"post","link":"https:\/\/www.kunertwellpappe.de\/de\/777-kilometer-fuer-einen-guten-zweck\/","title":{"rendered":"777 Kilometer f\u00fcr einen guten Zweck"},"content":{"rendered":"<div class=\"teaser-media-element__content\">\n<div class=\"teaser-media-element__text\">\n<p>Kunert Wellpappe Biebesheim unterst\u00fctzt den ehrenamtlichen Verein \u201eTeam Bensheim\u201c bei der diesj\u00e4hrigen Veranstaltung \u201eTour de Riva 2017\u201c.<\/p>\n<p>\u201eTeam Bensheim\u201c gilt als Partnerverein des deutschlandweiten Vereins \u201eTour der Hoffnung\u00ae e.V.\u201c und engagiert sich bereits seit 2003 mit radsportlichen Aktionen und Veranstaltungen f\u00fcr krebs- und anderweitig schwerkranke Kinder.<\/p>\n<p>Bei \u201eTour de Riva\u201c fuhren dieses Jahr insgesamt ca. 120 Radfahrer. Die Radstrecke verl\u00e4uft dabei durch drei L\u00e4nder und neun St\u00e4dte. Angefangen in Bensheim in Deutschland \u00fcber Schruns und Landeck in \u00d6sterreich geht es dann weiter nach Italien, bis der wundersch\u00f6ne Ort Riva del Garda am Gardasee erreicht ist. Bis dahin sind 777 Kilometer und \u00fcber 8050 H\u00f6henmeter bew\u00e4ltigt. Unterst\u00fctzt werden die Fahrer von zahlreichen Helfern und nat\u00fcrlich von ihren Familien und Freunden.<\/p>\n<\/div>\n<\/div>\n","protected":false},"excerpt":{"rendered":"<p>Kunert Wellpappe Biebesheim unterst\u00fctzt den ehrenamtlichen Verein \u201eTeam Bensheim\u201c bei der diesj\u00e4hrigen Veranstaltung \u201eTour de Riva 2017\u201c. \u201eTeam Bensheim\u201c gilt als Partnerverein des deutschlandweiten Vereins \u201eTour der Hoffnung\u00ae e.V.\u201c und engagiert sich bereits seit 2003 mit radsportlichen Aktionen und Veranstaltungen f\u00fcr krebs- und anderweitig schwerkranke Kinder. Bei \u201eTour de Riva\u201c fuhren dieses Jahr insgesamt ca. &#8230; <a title=\"777 Kilometer f\u00fcr einen guten Zweck\" class=\"read-more\" href=\"https:\/\/www.kunertwellpappe.de\/de\/777-kilometer-fuer-einen-guten-zweck\/\" aria-label=\"Mehr Informationen \u00fcber 777 Kilometer f\u00fcr einen guten Zweck\">Weiterlesen<\/a><\/p>\n","protected":false},"author":3,"featured_media":803,"comment_status":"closed","ping_status":"open","sticky":false,"template":"","format":"standard","meta":{"_jf_save_progress":"","footnotes":""},"categories":[1],"tags":[],"class_list":["post-802","post","type-post","status-publish","format-standard","has-post-thumbnail","hentry","category-allgemein"],"_links":{"self":[{"href":"https:\/\/www.kunertwellpappe.de\/de\/wp-json\/wp\/v2\/posts\/802","targetHints":{"allow":["GET"]}}],"collection":[{"href":"https:\/\/www.kunertwellpappe.de\/de\/wp-json\/wp\/v2\/posts"}],"about":[{"href":"https:\/\/www.kunertwellpappe.de\/de\/wp-json\/wp\/v2\/types\/post"}],"author":[{"embeddable":true,"href":"https:\/\/www.kunertwellpappe.de\/de\/wp-json\/wp\/v2\/users\/3"}],"replies":[{"embeddable":true,"href":"https:\/\/www.kunertwellpappe.de\/de\/wp-json\/wp\/v2\/comments?post=802"}],"version-history":[{"count":1,"href":"https:\/\/www.kunertwellpappe.de\/de\/wp-json\/wp\/v2\/posts\/802\/revisions"}],"predecessor-version":[{"id":804,"href":"https:\/\/www.kunertwellpappe.de\/de\/wp-json\/wp\/v2\/posts\/802\/revisions\/804"}],"wp:featuredmedia":[{"embeddable":true,"href":"https:\/\/www.kunertwellpappe.de\/de\/wp-json\/wp\/v2\/media\/803"}],"wp:attachment":[{"href":"https:\/\/www.kunertwellpappe.de\/de\/wp-json\/wp\/v2\/media?parent=802"}],"wp:term":[{"taxonomy":"category","embeddable":true,"href":"https:\/\/www.kunertwellpappe.de\/de\/wp-json\/wp\/v2\/categories?post=802"},{"taxonomy":"post_tag","embeddable":true,"href":"https:\/\/www.kunertwellpappe.de\/de\/wp-json\/wp\/v2\/tags?post=802"}],"curies":[{"name":"wp","href":"https:\/\/api.w.org\/{rel}","templated":true}]}}