{"id":779,"date":"2017-10-24T18:12:14","date_gmt":"2017-10-24T16:12:14","guid":{"rendered":"http:\/\/www.kunertwellpappe.de\/?p=779"},"modified":"2020-04-22T10:39:30","modified_gmt":"2020-04-22T08:39:30","slug":"erster-spatenstich-fuer-das-neue-logistikzentrum-in-bad-neustadt","status":"publish","type":"post","link":"https:\/\/www.kunertwellpappe.de\/de\/erster-spatenstich-fuer-das-neue-logistikzentrum-in-bad-neustadt\/","title":{"rendered":"Erster Spatenstich f\u00fcr das neue Logistikzentrum in Bad Neustadt"},"content":{"rendered":"\t\t<div data-elementor-type=\"wp-post\" data-elementor-id=\"779\" class=\"elementor elementor-779\" data-elementor-settings=\"{&quot;element_pack_global_tooltip_width&quot;:{&quot;unit&quot;:&quot;px&quot;,&quot;size&quot;:&quot;&quot;,&quot;sizes&quot;:[]},&quot;element_pack_global_tooltip_width_tablet&quot;:{&quot;unit&quot;:&quot;px&quot;,&quot;size&quot;:&quot;&quot;,&quot;sizes&quot;:[]},&quot;element_pack_global_tooltip_width_mobile&quot;:{&quot;unit&quot;:&quot;px&quot;,&quot;size&quot;:&quot;&quot;,&quot;sizes&quot;:[]},&quot;element_pack_global_tooltip_padding&quot;:{&quot;unit&quot;:&quot;px&quot;,&quot;top&quot;:&quot;&quot;,&quot;right&quot;:&quot;&quot;,&quot;bottom&quot;:&quot;&quot;,&quot;left&quot;:&quot;&quot;,&quot;isLinked&quot;:true},&quot;element_pack_global_tooltip_padding_tablet&quot;:{&quot;unit&quot;:&quot;px&quot;,&quot;top&quot;:&quot;&quot;,&quot;right&quot;:&quot;&quot;,&quot;bottom&quot;:&quot;&quot;,&quot;left&quot;:&quot;&quot;,&quot;isLinked&quot;:true},&quot;element_pack_global_tooltip_padding_mobile&quot;:{&quot;unit&quot;:&quot;px&quot;,&quot;top&quot;:&quot;&quot;,&quot;right&quot;:&quot;&quot;,&quot;bottom&quot;:&quot;&quot;,&quot;left&quot;:&quot;&quot;,&quot;isLinked&quot;:true},&quot;element_pack_global_tooltip_border_radius&quot;:{&quot;unit&quot;:&quot;px&quot;,&quot;top&quot;:&quot;&quot;,&quot;right&quot;:&quot;&quot;,&quot;bottom&quot;:&quot;&quot;,&quot;left&quot;:&quot;&quot;,&quot;isLinked&quot;:true},&quot;element_pack_global_tooltip_border_radius_tablet&quot;:{&quot;unit&quot;:&quot;px&quot;,&quot;top&quot;:&quot;&quot;,&quot;right&quot;:&quot;&quot;,&quot;bottom&quot;:&quot;&quot;,&quot;left&quot;:&quot;&quot;,&quot;isLinked&quot;:true},&quot;element_pack_global_tooltip_border_radius_mobile&quot;:{&quot;unit&quot;:&quot;px&quot;,&quot;top&quot;:&quot;&quot;,&quot;right&quot;:&quot;&quot;,&quot;bottom&quot;:&quot;&quot;,&quot;left&quot;:&quot;&quot;,&quot;isLinked&quot;:true}}\" data-elementor-post-type=\"post\">\n\t\t\t\t\t\t<section class=\"elementor-section elementor-top-section elementor-element elementor-element-3ec77d90 elementor-section-boxed elementor-section-height-default elementor-section-height-default\" data-id=\"3ec77d90\" data-element_type=\"section\" data-e-type=\"section\" data-settings=\"{&quot;jet_parallax_layout_list&quot;:[]}\">\n\t\t\t\t\t\t<div class=\"elementor-container elementor-column-gap-default\">\n\t\t\t\t\t<div class=\"elementor-column elementor-col-100 elementor-top-column elementor-element elementor-element-5b3beed1\" data-id=\"5b3beed1\" data-element_type=\"column\" data-e-type=\"column\">\n\t\t\t<div class=\"elementor-widget-wrap elementor-element-populated\">\n\t\t\t\t\t\t<div class=\"elementor-element elementor-element-66cb93b7 elementor-widget elementor-widget-text-editor\" data-id=\"66cb93b7\" data-element_type=\"widget\" data-e-type=\"widget\" data-widget_type=\"text-editor.default\">\n\t\t\t\t<div class=\"elementor-widget-container\">\n\t\t\t\t\t\t\t\t\t<strong>In einer famili\u00e4ren Atmosph\u00e4re feiert Kunert Wellpappe die Firmenerweiterung in Bad Neustadt. Aufgrund der Optimierung des Fertigungsablaufes und knappen Lagerkapazit\u00e4ten auf dem vorhandenen Firmengel\u00e4nde ist der Neubau des Logistikzentrums mit einem Hochregallager eine dringend erforderliche Investition in die Zukunft.<\/strong>\r\n\r\nEs ist fast 61 Jahre her, dass die Gr\u00fcnder-Gesellschafter Walter und Karl Kunert den ersten Spatenstich f\u00fcr die Wellpappenfabrik in Bad Neustadt get\u00e4tigt haben. Heute feiert Kunert Wellpappe die Grundsteinlegung f\u00fcr die neue Firmengeschichte und blickt optimistisch in die Zukunft.\r\n<div id=\"c15105\" class=\"frame frame-default frame-type-text frame-layout-0\">\r\n\r\nMit dem ersten Spatenstich zum Bau des neuen Logistikzentrums in Bad Neustadt ist ein wichtiger Meilenstein f\u00fcr Kunert Wellpappe erreicht. Auf einer Baufl\u00e4che von knapp 15.000 Quadratmeter wird ein modernes, automatisiertes Hochregallager mit der dazugeh\u00f6rigen Versandhalle errichtet. Zukunftsweisend wird in diesem Zuge ebenfalls die Produktion erweitert und mit modernen innerbetrieblichen Transportsystemen f\u00fcr Halbfertig- und Fertigware ausgestattet. Der Bau hat offiziell am 28. September begonnen. Dieser wird ca. zwei Jahre andauern. Im Sommer 2019 soll das Logistikzentrum in Betrieb genommen werden. Das geplante Investitionsvolumen f\u00fcr die gesamte Unternehmung bewegt sich in einem zweistelligen Millionenbereich. Somit soll es eine der gr\u00f6\u00dften Investitionen der Unternehmensgeschichte werden.\r\n\r\nDas viergassige Hochregallager ist die gr\u00f6\u00dfte Einzelma\u00dfnahme des gesamten Bauvorhabens. Dieses nimmt mit seinen Ma\u00dfen die Grundfl\u00e4che von 4.000 Quadratmeter ein und w\u00e4chst ca. 42 m in die H\u00f6he. Darin k\u00f6nnen 19.000 Paletten gelagert und verwaltet werden. Der Montagebeginn f\u00fcr das Lager ist f\u00fcr April 2018 geplant.\r\n\r\nDer offizielle Spatenstich zur Standorterweiterung wurde heute festlich im kleinen Kreis gefeiert. Um bei diesem Ereignis dabei zu sein, waren zahlreiche Kunert-Familienmitglieder und Gesellschafter der Kunert Gruppe nach Bad Neustadt angereist. Der Einladung von Mathias Kunert folgten auch die Vertreter der Stadt Bad Neustadt: Erster B\u00fcrgermeister Bruno Altrichter und Landrat Thomas Habermann. Die Vertreter der beteiligten Baufirmen und nat\u00fcrlich die Mitarbeiter aus dem eigenen Planungsteam waren ebenfalls herzlich eingeladen.\r\n\r\n<\/div>\t\t\t\t\t\t\t\t<\/div>\n\t\t\t\t<\/div>\n\t\t\t\t\t<\/div>\n\t\t<\/div>\n\t\t\t\t\t<\/div>\n\t\t<\/section>\n\t\t\t\t<section class=\"elementor-section elementor-top-section elementor-element elementor-element-3d99278 elementor-section-boxed elementor-section-height-default elementor-section-height-default\" data-id=\"3d99278\" data-element_type=\"section\" data-e-type=\"section\" data-settings=\"{&quot;background_background&quot;:&quot;classic&quot;,&quot;jet_parallax_layout_list&quot;:[]}\">\n\t\t\t\t\t\t<div class=\"elementor-container elementor-column-gap-default\">\n\t\t\t\t\t<div class=\"elementor-column elementor-col-33 elementor-top-column elementor-element elementor-element-7423fba\" data-id=\"7423fba\" data-element_type=\"column\" data-e-type=\"column\" data-settings=\"{&quot;background_background&quot;:&quot;classic&quot;}\">\n\t\t\t<div class=\"elementor-widget-wrap\">\n\t\t\t\t\t\t\t<\/div>\n\t\t<\/div>\n\t\t\t\t<div class=\"elementor-column elementor-col-66 elementor-top-column elementor-element elementor-element-776e52e\" data-id=\"776e52e\" data-element_type=\"column\" data-e-type=\"column\">\n\t\t\t<div class=\"elementor-widget-wrap elementor-element-populated\">\n\t\t\t\t\t\t<div class=\"elementor-element elementor-element-fbc4e74 elementor-widget elementor-widget-text-editor\" data-id=\"fbc4e74\" data-element_type=\"widget\" data-e-type=\"widget\" data-widget_type=\"text-editor.default\">\n\t\t\t\t<div class=\"elementor-widget-container\">\n\t\t\t\t\t\t\t\t\t<div class=\"teaser-media-element__content\"><div class=\"teaser-media-element__text\"><p>In seiner Ansprache bezeichnete Mathias Kunert den Bau des Hochregallagers als den sichtbaren Beginn eines neuen Kapitels in der Firmengeschichte. \u201eMit den jetzigen Begebenheiten in der Produktion und in der Lagerhaltung, sei die zeitgem\u00e4\u00dfe Liefer- &amp; Logistikkonzeption nicht mehr wirtschaftlich umsetzbar\u201c, so begr\u00fcndet Mathias Kunert den Entschluss f\u00fcr das neue Logistikzentrum.<\/p><p>\u00a0<\/p><p>Auf dem Bild: gesch\u00e4ftsf\u00fchrender Gesellschafter von Kunert Wellpappe Bad Neustadt Mathias Kunert<\/p><\/div><\/div>\t\t\t\t\t\t\t\t<\/div>\n\t\t\t\t<\/div>\n\t\t\t\t\t<\/div>\n\t\t<\/div>\n\t\t\t\t\t<\/div>\n\t\t<\/section>\n\t\t\t\t<section class=\"elementor-section elementor-top-section elementor-element elementor-element-a2528b6 elementor-section-boxed elementor-section-height-default elementor-section-height-default\" data-id=\"a2528b6\" data-element_type=\"section\" data-e-type=\"section\" data-settings=\"{&quot;jet_parallax_layout_list&quot;:[]}\">\n\t\t\t\t\t\t<div class=\"elementor-container elementor-column-gap-default\">\n\t\t\t\t\t<div class=\"elementor-column elementor-col-100 elementor-top-column elementor-element elementor-element-3d6c000\" data-id=\"3d6c000\" data-element_type=\"column\" data-e-type=\"column\">\n\t\t\t<div class=\"elementor-widget-wrap elementor-element-populated\">\n\t\t\t\t\t\t<div class=\"elementor-element elementor-element-9a21fb3 elementor-widget elementor-widget-text-editor\" data-id=\"9a21fb3\" data-element_type=\"widget\" data-e-type=\"widget\" data-widget_type=\"text-editor.default\">\n\t\t\t\t<div class=\"elementor-widget-container\">\n\t\t\t\t\t\t\t\t\t<p>Der erste B\u00fcrgermeister von Bad Neustadt Bruno Altrichter sowie der Landrat Thomas Habermann bedankten sich bei der Familie Kunert f\u00fcr den unternehmerischen Mut und die Standortentscheidung f\u00fcr die Stadt Bad Neustadt in der Vergangenheit und auch heute. Dies spricht f\u00fcr die Entwicklung unserer Region und Sicherung der Arbeitspl\u00e4tze in der Zukunft. Die beiden Stadtvertreter \u00e4u\u00dferten sich positiv \u00fcber die fr\u00fchzeitige Einbindung der Stadt in das Bauvorhaben sowie in die Planungen. Landrat Habermann bezeichnete dabei das entstehende Hochregallager als fast schon epochales Ereignis, das das Stadtbild pr\u00e4gen wird.<\/p><p>\u00a0<\/p>\t\t\t\t\t\t\t\t<\/div>\n\t\t\t\t<\/div>\n\t\t\t\t\t<\/div>\n\t\t<\/div>\n\t\t\t\t\t<\/div>\n\t\t<\/section>\n\t\t\t\t<\/div>\n\t\t","protected":false},"excerpt":{"rendered":"<p>In einer famili\u00e4ren Atmosph\u00e4re feiert Kunert Wellpappe die Firmenerweiterung in Bad Neustadt. Aufgrund der Optimierung des Fertigungsablaufes und knappen Lagerkapazit\u00e4ten auf dem vorhandenen Firmengel\u00e4nde ist der Neubau des Logistikzentrums mit einem Hochregallager eine dringend erforderliche Investition in die Zukunft. Es ist fast 61 Jahre her, dass die Gr\u00fcnder-Gesellschafter Walter und Karl Kunert den ersten Spatenstich &#8230; <a title=\"Erster Spatenstich f\u00fcr das neue Logistikzentrum in Bad Neustadt\" class=\"read-more\" href=\"https:\/\/www.kunertwellpappe.de\/de\/erster-spatenstich-fuer-das-neue-logistikzentrum-in-bad-neustadt\/\" aria-label=\"Mehr Informationen \u00fcber Erster Spatenstich f\u00fcr das neue Logistikzentrum in Bad Neustadt\">Weiterlesen<\/a><\/p>\n","protected":false},"author":3,"featured_media":783,"comment_status":"closed","ping_status":"open","sticky":false,"template":"","format":"standard","meta":{"_jf_save_progress":"","footnotes":""},"categories":[14],"tags":[22],"class_list":["post-779","post","type-post","status-publish","format-standard","has-post-thumbnail","hentry","category-pressemitteilung","tag-gebaeudeneubau"],"_links":{"self":[{"href":"https:\/\/www.kunertwellpappe.de\/de\/wp-json\/wp\/v2\/posts\/779","targetHints":{"allow":["GET"]}}],"collection":[{"href":"https:\/\/www.kunertwellpappe.de\/de\/wp-json\/wp\/v2\/posts"}],"about":[{"href":"https:\/\/www.kunertwellpappe.de\/de\/wp-json\/wp\/v2\/types\/post"}],"author":[{"embeddable":true,"href":"https:\/\/www.kunertwellpappe.de\/de\/wp-json\/wp\/v2\/users\/3"}],"replies":[{"embeddable":true,"href":"https:\/\/www.kunertwellpappe.de\/de\/wp-json\/wp\/v2\/comments?post=779"}],"version-history":[{"count":4,"href":"https:\/\/www.kunertwellpappe.de\/de\/wp-json\/wp\/v2\/posts\/779\/revisions"}],"predecessor-version":[{"id":825,"href":"https:\/\/www.kunertwellpappe.de\/de\/wp-json\/wp\/v2\/posts\/779\/revisions\/825"}],"wp:featuredmedia":[{"embeddable":true,"href":"https:\/\/www.kunertwellpappe.de\/de\/wp-json\/wp\/v2\/media\/783"}],"wp:attachment":[{"href":"https:\/\/www.kunertwellpappe.de\/de\/wp-json\/wp\/v2\/media?parent=779"}],"wp:term":[{"taxonomy":"category","embeddable":true,"href":"https:\/\/www.kunertwellpappe.de\/de\/wp-json\/wp\/v2\/categories?post=779"},{"taxonomy":"post_tag","embeddable":true,"href":"https:\/\/www.kunertwellpappe.de\/de\/wp-json\/wp\/v2\/tags?post=779"}],"curies":[{"name":"wp","href":"https:\/\/api.w.org\/{rel}","templated":true}]}}