{"id":773,"date":"2017-11-28T18:03:43","date_gmt":"2017-11-28T17:03:43","guid":{"rendered":"http:\/\/www.kunertwellpappe.de\/?p=773"},"modified":"2020-04-21T18:09:44","modified_gmt":"2020-04-21T16:09:44","slug":"25-jahre-treue-und-zuverlaessigkeit","status":"publish","type":"post","link":"https:\/\/www.kunertwellpappe.de\/de\/25-jahre-treue-und-zuverlaessigkeit\/","title":{"rendered":"25 Jahre Treue und Zuverl\u00e4ssigkeit"},"content":{"rendered":"<p><strong>Kunert Wellpappe ehrt sieben Jubilare am Standort Bad Neustadt<\/strong><\/p>\n<p>&nbsp;<\/p>\n<p>Gesch\u00e4ftsf\u00fchrender Gesellschafter Mathias Kunert bedankte sich bei den anwesenden Jubilaren f\u00fcr 25 Jahre stets guter Arbeit und ihre Treue zum Unternehmen. &#8222;Mit Ihrem Einsatz und Ihrer Kompetenz, mit ihrem Flei\u00df und Zuverl\u00e4ssigkeit tragen Sie Jahr f\u00fcr Jahr dem Wohl und Erfolg unseres Unternehmens bei. Ihre Loyalit\u00e4t und Teamf\u00e4higkeit macht uns stark und schafft Vertrauen bei unseren Kunden&#8220;, so dr\u00fcckte sich Mathias Kunert in seiner kurzen Ansprache an die langj\u00e4hrigen Mitarbeiter aus. Alle Jubilare haben ein pers\u00f6nliches Jubil\u00e4umsgeschenk von der Gesch\u00e4ftsleitung \u00fcberreicht bekommen. Hierzu gab es auch eine Urkunde von der Industrie- und Handelskammer.<\/p>\n<div class=\"teaser-media-element__content\">\n<div class=\"teaser-media-element__text\">\n<p><em><strong>Auf dem Bild v. r. n. l.:<\/strong>Mathias Kunert (gesch\u00e4ftsf\u00fchrender Gesellschafter Kunert Wellpappe), Silke Schubert (Fachangestellte in der Versandabteilung), Margit Fiedler (Fachangestellte in der Personalabteilung), Dietmar St\u00e4blein (Klischeevorbereitung), Josef B\u00fcttner (Maschinenf\u00fchrer Inlinemaschine), Matthias Rost (Logistiker), Roland Weisenseel (Hauptmaschinenf\u00fchrer Inlinemaschine), Anja G\u00e4rtner (Fachangestellte im Vertrieb).<\/em><\/p>\n<p><strong>Auf dem Bild (v. l. n. r.):<\/strong>Wolfgang Perleth, Ausbildungsverantwortlicher bei Kunert Wellpappe und Thomas Lampert<\/p>\n<\/div>\n<\/div>\n","protected":false},"excerpt":{"rendered":"<p>Kunert Wellpappe ehrt sieben Jubilare am Standort Bad Neustadt &nbsp; Gesch\u00e4ftsf\u00fchrender Gesellschafter Mathias Kunert bedankte sich bei den anwesenden Jubilaren f\u00fcr 25 Jahre stets guter Arbeit und ihre Treue zum Unternehmen. &#8222;Mit Ihrem Einsatz und Ihrer Kompetenz, mit ihrem Flei\u00df und Zuverl\u00e4ssigkeit tragen Sie Jahr f\u00fcr Jahr dem Wohl und Erfolg unseres Unternehmens bei. Ihre &#8230; <a title=\"25 Jahre Treue und Zuverl\u00e4ssigkeit\" class=\"read-more\" href=\"https:\/\/www.kunertwellpappe.de\/de\/25-jahre-treue-und-zuverlaessigkeit\/\" aria-label=\"Mehr Informationen \u00fcber 25 Jahre Treue und Zuverl\u00e4ssigkeit\">Weiterlesen<\/a><\/p>\n","protected":false},"author":3,"featured_media":774,"comment_status":"closed","ping_status":"open","sticky":false,"template":"","format":"standard","meta":{"_jf_save_progress":"","footnotes":""},"categories":[1],"tags":[],"class_list":["post-773","post","type-post","status-publish","format-standard","has-post-thumbnail","hentry","category-allgemein"],"_links":{"self":[{"href":"https:\/\/www.kunertwellpappe.de\/de\/wp-json\/wp\/v2\/posts\/773","targetHints":{"allow":["GET"]}}],"collection":[{"href":"https:\/\/www.kunertwellpappe.de\/de\/wp-json\/wp\/v2\/posts"}],"about":[{"href":"https:\/\/www.kunertwellpappe.de\/de\/wp-json\/wp\/v2\/types\/post"}],"author":[{"embeddable":true,"href":"https:\/\/www.kunertwellpappe.de\/de\/wp-json\/wp\/v2\/users\/3"}],"replies":[{"embeddable":true,"href":"https:\/\/www.kunertwellpappe.de\/de\/wp-json\/wp\/v2\/comments?post=773"}],"version-history":[{"count":1,"href":"https:\/\/www.kunertwellpappe.de\/de\/wp-json\/wp\/v2\/posts\/773\/revisions"}],"predecessor-version":[{"id":775,"href":"https:\/\/www.kunertwellpappe.de\/de\/wp-json\/wp\/v2\/posts\/773\/revisions\/775"}],"wp:featuredmedia":[{"embeddable":true,"href":"https:\/\/www.kunertwellpappe.de\/de\/wp-json\/wp\/v2\/media\/774"}],"wp:attachment":[{"href":"https:\/\/www.kunertwellpappe.de\/de\/wp-json\/wp\/v2\/media?parent=773"}],"wp:term":[{"taxonomy":"category","embeddable":true,"href":"https:\/\/www.kunertwellpappe.de\/de\/wp-json\/wp\/v2\/categories?post=773"},{"taxonomy":"post_tag","embeddable":true,"href":"https:\/\/www.kunertwellpappe.de\/de\/wp-json\/wp\/v2\/tags?post=773"}],"curies":[{"name":"wp","href":"https:\/\/api.w.org\/{rel}","templated":true}]}}