{"id":769,"date":"2018-03-22T18:00:46","date_gmt":"2018-03-22T17:00:46","guid":{"rendered":"http:\/\/www.kunertwellpappe.de\/?p=769"},"modified":"2020-04-21T18:02:19","modified_gmt":"2020-04-21T16:02:19","slug":"betriebliche-gesundheitsfoerderung-gesundheit-und-wohlbefinden-am-arbeitsplatz","status":"publish","type":"post","link":"https:\/\/www.kunertwellpappe.de\/de\/betriebliche-gesundheitsfoerderung-gesundheit-und-wohlbefinden-am-arbeitsplatz\/","title":{"rendered":"Betriebliche Gesundheitsf\u00f6rderung \u2013 Gesundheit und Wohlbefinden am Arbeitsplatz"},"content":{"rendered":"<p>Um den Zeitgeist der gesunden Ern\u00e4hrung und Lebensweise zu treffen, f\u00fchrte Kunert Wellpappe am Standort Bad Neustadt ein Gesundheitsprojekt zur Unterst\u00fctzung der Mitarbeiter durch.<\/p>\n<p>In Zusammenarbeit mit der BARMER GEK hat Kunert Wellpappe einen verl\u00e4sslichen Partner gefunden. Unter dem Motto \u201ePr\u00e4vention am Arbeitsplatz\u201c, wurden unter Begleitung eines Facharztes verschiedene Ma\u00dfnahmen, bei denen die Mitarbeiter mit gro\u00dfer Begeisterung teilgenommen haben, durchgef\u00fchrt.<\/p>\n<p>&nbsp;<\/p>\n<p>Aufgrund der positiven Resonanz wird Kunert Wellpappe auch zuk\u00fcnftig das betriebliche Gesundheitsmanagement weiterf\u00fchren.<\/p>\n<p><strong>Auf dem Bild v.l.n.r.:<\/strong>Christian Wedel (Kunert Wellpappe) und Matthias Voll (Barmer GEK).<\/p>\n","protected":false},"excerpt":{"rendered":"<p>Um den Zeitgeist der gesunden Ern\u00e4hrung und Lebensweise zu treffen, f\u00fchrte Kunert Wellpappe am Standort Bad Neustadt ein Gesundheitsprojekt zur Unterst\u00fctzung der Mitarbeiter durch. In Zusammenarbeit mit der BARMER GEK hat Kunert Wellpappe einen verl\u00e4sslichen Partner gefunden. Unter dem Motto \u201ePr\u00e4vention am Arbeitsplatz\u201c, wurden unter Begleitung eines Facharztes verschiedene Ma\u00dfnahmen, bei denen die Mitarbeiter mit &#8230; <a title=\"Betriebliche Gesundheitsf\u00f6rderung \u2013 Gesundheit und Wohlbefinden am Arbeitsplatz\" class=\"read-more\" href=\"https:\/\/www.kunertwellpappe.de\/de\/betriebliche-gesundheitsfoerderung-gesundheit-und-wohlbefinden-am-arbeitsplatz\/\" aria-label=\"Mehr Informationen \u00fcber Betriebliche Gesundheitsf\u00f6rderung \u2013 Gesundheit und Wohlbefinden am Arbeitsplatz\">Weiterlesen<\/a><\/p>\n","protected":false},"author":3,"featured_media":770,"comment_status":"closed","ping_status":"open","sticky":false,"template":"","format":"standard","meta":{"_jf_save_progress":"","footnotes":""},"categories":[1],"tags":[],"class_list":["post-769","post","type-post","status-publish","format-standard","has-post-thumbnail","hentry","category-allgemein"],"_links":{"self":[{"href":"https:\/\/www.kunertwellpappe.de\/de\/wp-json\/wp\/v2\/posts\/769","targetHints":{"allow":["GET"]}}],"collection":[{"href":"https:\/\/www.kunertwellpappe.de\/de\/wp-json\/wp\/v2\/posts"}],"about":[{"href":"https:\/\/www.kunertwellpappe.de\/de\/wp-json\/wp\/v2\/types\/post"}],"author":[{"embeddable":true,"href":"https:\/\/www.kunertwellpappe.de\/de\/wp-json\/wp\/v2\/users\/3"}],"replies":[{"embeddable":true,"href":"https:\/\/www.kunertwellpappe.de\/de\/wp-json\/wp\/v2\/comments?post=769"}],"version-history":[{"count":1,"href":"https:\/\/www.kunertwellpappe.de\/de\/wp-json\/wp\/v2\/posts\/769\/revisions"}],"predecessor-version":[{"id":771,"href":"https:\/\/www.kunertwellpappe.de\/de\/wp-json\/wp\/v2\/posts\/769\/revisions\/771"}],"wp:featuredmedia":[{"embeddable":true,"href":"https:\/\/www.kunertwellpappe.de\/de\/wp-json\/wp\/v2\/media\/770"}],"wp:attachment":[{"href":"https:\/\/www.kunertwellpappe.de\/de\/wp-json\/wp\/v2\/media?parent=769"}],"wp:term":[{"taxonomy":"category","embeddable":true,"href":"https:\/\/www.kunertwellpappe.de\/de\/wp-json\/wp\/v2\/categories?post=769"},{"taxonomy":"post_tag","embeddable":true,"href":"https:\/\/www.kunertwellpappe.de\/de\/wp-json\/wp\/v2\/tags?post=769"}],"curies":[{"name":"wp","href":"https:\/\/api.w.org\/{rel}","templated":true}]}}