{"id":756,"date":"2018-09-21T11:48:26","date_gmt":"2018-09-21T09:48:26","guid":{"rendered":"http:\/\/www.kunertwellpappe.de\/?p=756"},"modified":"2020-04-22T10:32:02","modified_gmt":"2020-04-22T08:32:02","slug":"die-kunert-gruppe-feiert-ihre-geschichte-fachpack-2018","status":"publish","type":"post","link":"https:\/\/www.kunertwellpappe.de\/de\/die-kunert-gruppe-feiert-ihre-geschichte-fachpack-2018\/","title":{"rendered":"Die Kunert Gruppe feiert ihre Geschichte &#8211; FachPack 2018"},"content":{"rendered":"\t\t<div data-elementor-type=\"wp-post\" data-elementor-id=\"756\" class=\"elementor elementor-756\" data-elementor-settings=\"{&quot;element_pack_global_tooltip_width&quot;:{&quot;unit&quot;:&quot;px&quot;,&quot;size&quot;:&quot;&quot;,&quot;sizes&quot;:[]},&quot;element_pack_global_tooltip_width_tablet&quot;:{&quot;unit&quot;:&quot;px&quot;,&quot;size&quot;:&quot;&quot;,&quot;sizes&quot;:[]},&quot;element_pack_global_tooltip_width_mobile&quot;:{&quot;unit&quot;:&quot;px&quot;,&quot;size&quot;:&quot;&quot;,&quot;sizes&quot;:[]},&quot;element_pack_global_tooltip_padding&quot;:{&quot;unit&quot;:&quot;px&quot;,&quot;top&quot;:&quot;&quot;,&quot;right&quot;:&quot;&quot;,&quot;bottom&quot;:&quot;&quot;,&quot;left&quot;:&quot;&quot;,&quot;isLinked&quot;:true},&quot;element_pack_global_tooltip_padding_tablet&quot;:{&quot;unit&quot;:&quot;px&quot;,&quot;top&quot;:&quot;&quot;,&quot;right&quot;:&quot;&quot;,&quot;bottom&quot;:&quot;&quot;,&quot;left&quot;:&quot;&quot;,&quot;isLinked&quot;:true},&quot;element_pack_global_tooltip_padding_mobile&quot;:{&quot;unit&quot;:&quot;px&quot;,&quot;top&quot;:&quot;&quot;,&quot;right&quot;:&quot;&quot;,&quot;bottom&quot;:&quot;&quot;,&quot;left&quot;:&quot;&quot;,&quot;isLinked&quot;:true},&quot;element_pack_global_tooltip_border_radius&quot;:{&quot;unit&quot;:&quot;px&quot;,&quot;top&quot;:&quot;&quot;,&quot;right&quot;:&quot;&quot;,&quot;bottom&quot;:&quot;&quot;,&quot;left&quot;:&quot;&quot;,&quot;isLinked&quot;:true},&quot;element_pack_global_tooltip_border_radius_tablet&quot;:{&quot;unit&quot;:&quot;px&quot;,&quot;top&quot;:&quot;&quot;,&quot;right&quot;:&quot;&quot;,&quot;bottom&quot;:&quot;&quot;,&quot;left&quot;:&quot;&quot;,&quot;isLinked&quot;:true},&quot;element_pack_global_tooltip_border_radius_mobile&quot;:{&quot;unit&quot;:&quot;px&quot;,&quot;top&quot;:&quot;&quot;,&quot;right&quot;:&quot;&quot;,&quot;bottom&quot;:&quot;&quot;,&quot;left&quot;:&quot;&quot;,&quot;isLinked&quot;:true}}\" data-elementor-post-type=\"post\">\n\t\t\t\t\t\t<section class=\"elementor-section elementor-top-section elementor-element elementor-element-71a8a868 elementor-section-boxed elementor-section-height-default elementor-section-height-default\" data-id=\"71a8a868\" data-element_type=\"section\" data-e-type=\"section\" data-settings=\"{&quot;jet_parallax_layout_list&quot;:[]}\">\n\t\t\t\t\t\t<div class=\"elementor-container elementor-column-gap-default\">\n\t\t\t\t\t<div class=\"elementor-column elementor-col-100 elementor-top-column elementor-element elementor-element-3e0898e3\" data-id=\"3e0898e3\" data-element_type=\"column\" data-e-type=\"column\">\n\t\t\t<div class=\"elementor-widget-wrap elementor-element-populated\">\n\t\t\t\t\t\t<div class=\"elementor-element elementor-element-232bd3db elementor-widget elementor-widget-text-editor\" data-id=\"232bd3db\" data-element_type=\"widget\" data-e-type=\"widget\" data-widget_type=\"text-editor.default\">\n\t\t\t\t<div class=\"elementor-widget-container\">\n\t\t\t\t\t\t\t\t\t<h2>Die Kunert Gruppe feiert ihre Geschichte \u2013 mit herausragenden Verpackungsl\u00f6sungen f\u00fcr die Zukunft.<\/h2>\nWie zelebriert man 125 Jahre Verpackungserfahrung und Packaging-Kompetenz?\nIndem man die gewonnene Expertise in innovative Ideen umwandelt und seine Partner und Kunden mit neuen wegweisenden Konzepten begleitet.\n\nAuf der FachPack, der europ\u00e4ischen Fachmesse f\u00fcr Verpackung, Technologie, \u00a0Verarbeitung und Logistik, wird die Kunert Gruppe diese innovativen L\u00f6sungen pr\u00e4sentieren. Experten aus den Kompetenzbereichen Papierh\u00fclsen, Kantenschutz, Verpackungen aus Wellpappe und H\u00fclsenkarton zeigen, wie das Unternehmen mit intelligenten Entwicklungen die eigene Zukunft und die der Branche weiter pr\u00e4gen wird.\n<h3><strong>Leidenschaft verpackt in Innovation: 125 Jahre Paul &amp; Co und Geburtsstunde der Kunert Gruppe.\u00a0<\/strong><\/h3>\n1893 von Alois Paul mit der Passion gegr\u00fcndet, Dinge zu entwickeln und neu zu erfinden, brennt die Gr\u00fcnderfamilie Kunert immer noch mit dem gleichen Feuer. Die Begeisterung ist fest in der DNA verankert und steckt alle an, die f\u00fcr die Unternehmen der Kunert Gruppe arbeiten. Was sie antreibt: Das Ziel, die Werte ihrer Kunden mit vorausschauenden, ma\u00dfgeschneiderten L\u00f6sungen zu sch\u00fctzen und zu vermehren.\n<h3><strong>Mehr als Qualit\u00e4t. Perfektion.\u00a0<\/strong><\/h3>\nSchon immer war es der Anspruch der Kunert Gruppe, den Erfolg ihrer Kunden zu sichern. Entwickelt wird nicht ein Produkt. Entwickelt wird eine L\u00f6sung f\u00fcr die individuelle Anforderung und Herausforderung des Kunden. Nicht selten entstehen aus diesen Impulsen neue Standards, die oft f\u00fcr die gesamte Branche zum Ma\u00dfstab werden.\t\t\t\t\t\t\t\t<\/div>\n\t\t\t\t<\/div>\n\t\t\t\t\t<\/div>\n\t\t<\/div>\n\t\t\t\t\t<\/div>\n\t\t<\/section>\n\t\t\t\t<section class=\"elementor-section elementor-top-section elementor-element elementor-element-866a991 elementor-section-stretched elementor-section-full_width elementor-section-height-default elementor-section-height-default\" data-id=\"866a991\" data-element_type=\"section\" data-e-type=\"section\" data-settings=\"{&quot;stretch_section&quot;:&quot;section-stretched&quot;,&quot;jet_parallax_layout_list&quot;:[]}\">\n\t\t\t\t\t\t<div class=\"elementor-container elementor-column-gap-default\">\n\t\t\t\t\t<div class=\"elementor-column elementor-col-100 elementor-top-column elementor-element elementor-element-a97d8ce\" data-id=\"a97d8ce\" data-element_type=\"column\" data-e-type=\"column\">\n\t\t\t<div class=\"elementor-widget-wrap elementor-element-populated\">\n\t\t\t\t\t\t<div class=\"elementor-element elementor-element-1336ca0 elementor-skin-carousel elementor-arrows-yes elementor-pagination-type-bullets elementor-pagination-position-outside elementor-widget elementor-widget-media-carousel\" data-id=\"1336ca0\" data-element_type=\"widget\" data-e-type=\"widget\" data-settings=\"{&quot;slides_per_view&quot;:&quot;1&quot;,&quot;skin&quot;:&quot;carousel&quot;,&quot;effect&quot;:&quot;slide&quot;,&quot;show_arrows&quot;:&quot;yes&quot;,&quot;pagination&quot;:&quot;bullets&quot;,&quot;speed&quot;:500,&quot;autoplay&quot;:&quot;yes&quot;,&quot;autoplay_speed&quot;:5000,&quot;loop&quot;:&quot;yes&quot;,&quot;pause_on_hover&quot;:&quot;yes&quot;,&quot;pause_on_interaction&quot;:&quot;yes&quot;,&quot;space_between&quot;:{&quot;unit&quot;:&quot;px&quot;,&quot;size&quot;:10,&quot;sizes&quot;:[]},&quot;space_between_tablet&quot;:{&quot;unit&quot;:&quot;px&quot;,&quot;size&quot;:10,&quot;sizes&quot;:[]},&quot;space_between_mobile&quot;:{&quot;unit&quot;:&quot;px&quot;,&quot;size&quot;:10,&quot;sizes&quot;:[]}}\" data-widget_type=\"media-carousel.default\">\n\t\t\t\t<div class=\"elementor-widget-container\">\n\t\t\t\t\t\t\t\t\t<div class=\"elementor-swiper\">\n\t\t\t\t\t<div class=\"elementor-main-swiper swiper\" role=\"region\" aria-roledescription=\"carousel\" aria-label=\"Slider\">\n\t\t\t\t<div class=\"swiper-wrapper\">\n\t\t\t\t\t\t\t\t\t\t\t<div class=\"swiper-slide\" role=\"group\" aria-roledescription=\"slide\">\n\t\t\t\t\t\t\t\t\t<div class=\"elementor-carousel-image\" role=\"img\" aria-label=\"Kunert Wellpappe__Wabenverpackung_IMG_2969_-_Teaser_4180023418\" style=\"background-image: url(&#039;https:\/\/www.kunertwellpappe.de\/de\/wp-content\/uploads\/2020\/04\/csm_Wabenverpackung_IMG_2969_-_Teaser_4180023418.jpg&#039;)\">\n\n\t\t\t\n\t\t\t\t\t<\/div>\n\t\t\t\t\t\t\t\t<\/div>\n\t\t\t\t\t\t\t\t\t<\/div>\n\t\t\t\t\t\t\t<\/div>\n\t\t\t\t<\/div>\n\t\t\t\t\t\t\t\t<\/div>\n\t\t\t\t<\/div>\n\t\t\t\t\t<\/div>\n\t\t<\/div>\n\t\t\t\t\t<\/div>\n\t\t<\/section>\n\t\t\t\t<section class=\"elementor-section elementor-top-section elementor-element elementor-element-da9adb2 elementor-section-boxed elementor-section-height-default elementor-section-height-default\" data-id=\"da9adb2\" data-element_type=\"section\" data-e-type=\"section\" data-settings=\"{&quot;background_background&quot;:&quot;classic&quot;,&quot;jet_parallax_layout_list&quot;:[]}\">\n\t\t\t\t\t\t<div class=\"elementor-container elementor-column-gap-default\">\n\t\t\t\t\t<div class=\"elementor-column elementor-col-100 elementor-top-column elementor-element elementor-element-4bd3b89\" data-id=\"4bd3b89\" data-element_type=\"column\" data-e-type=\"column\">\n\t\t\t<div class=\"elementor-widget-wrap elementor-element-populated\">\n\t\t\t\t\t\t<div class=\"elementor-element elementor-element-57be787 elementor-widget elementor-widget-text-editor\" data-id=\"57be787\" data-element_type=\"widget\" data-e-type=\"widget\" data-widget_type=\"text-editor.default\">\n\t\t\t\t<div class=\"elementor-widget-container\">\n\t\t\t\t\t\t\t\t\t<div class=\"teaser-media-element__text\"><h3><strong>Die FachPack \u2013 Forum f\u00fcr Innovation.<\/strong><\/h3><p>Auf der FachPack pr\u00e4sentiert die Kunert Gruppe ihre Kompetenz und spannende Innovationen. Ein kleiner Vorgeschmack:<\/p><ul><li style=\"list-style-type: none;\"><ul><li><strong>Reibungslose Produktion mit Climate Core<\/strong> \u2013 In Detailarbeit mit Kunden hat Paul &amp; Co eine Papierh\u00fclse f\u00fcr Verpackungspapiere entwickelt, die auch bei wechselnden oder extremen klimatischen Bedingungen ihre Geradheit beibeh\u00e4lt.<\/li><\/ul><\/li><\/ul><p>\u00a0<\/p><ul><li style=\"list-style-type: none;\"><ul><li><strong>Weniger Makulatur mit AR-H\u00fclsen<\/strong> \u2013 die rutschfeste stumpfe Oberfl\u00e4che erlaubt ein optimales Rollen-Handling. Dank der Fixierung ohne Klebemittel k\u00f6nnen aufgerollte Vliesstoffe bis zum letzten Zentimeter abgewickelt werden \u2013 ohne jegliche Besch\u00e4digung.<\/li><\/ul><\/li><\/ul><p>\u00a0<\/p><ul><li style=\"list-style-type: none;\"><ul><li><strong>Logistikl\u00f6sungen<\/strong> \u2013 Verbesserte Produktionsprozesse bringen die Innovationen der Kunert Gruppe im Bereich Winkelkantenschutz. Ein fortlaufender Barcode-Aufdruck stellt innerhalb des Verarbeitungsprozesses der Verpackungsanlage eine exakte Positionierung des Kantenschutzes sicher.\u00a0<\/li><\/ul><\/li><\/ul><p>\u00a0<\/p><ul><li style=\"list-style-type: none;\"><ul><li><strong>Preisverd\u00e4chtige Wabenverpackung<\/strong> \u2013 F\u00fcr den Innovationspreis der Wellpappenindustrie, ist eine Produktentwicklung von Kunert Wellpappe nominiert: Die Wickelgutverpackung ist mit wenigen Handgriffen ohne Hilfsmittel faltbar und l\u00e4sst sich dank ihrer Sechseckendform platzsparend stapeln. Zur Qualit\u00e4tssicherung h\u00e4ngt das Material (z.B. Garn) frei schwebend in der Verpackung.<\/li><\/ul><\/li><\/ul><p>\u00a0<\/p><ul><li><strong>Mehr Individualit\u00e4t beim Verpackungsdesign<\/strong> pr\u00e4sentiert Kunert Wellpappe Verpackungskonzepte, mit denen kundenspezifische Anforderungen besser denn je gel\u00f6st werden k\u00f6nnen: Als Beispiel wird die ma\u00dfgefertigte Verpackung eines E-City-Rollers gezeigt.\u00a0<\/li><\/ul><\/div>\t\t\t\t\t\t\t\t<\/div>\n\t\t\t\t<\/div>\n\t\t\t\t\t<\/div>\n\t\t<\/div>\n\t\t\t\t\t<\/div>\n\t\t<\/section>\n\t\t\t\t<section class=\"elementor-section elementor-top-section elementor-element elementor-element-3579058 elementor-section-boxed elementor-section-height-default elementor-section-height-default\" data-id=\"3579058\" data-element_type=\"section\" data-e-type=\"section\" data-settings=\"{&quot;jet_parallax_layout_list&quot;:[]}\">\n\t\t\t\t\t\t<div class=\"elementor-container elementor-column-gap-default\">\n\t\t\t\t\t\t<\/div>\n\t\t<\/section>\n\t\t\t\t<section class=\"elementor-section elementor-top-section elementor-element elementor-element-1810218 elementor-section-boxed elementor-section-height-default elementor-section-height-default\" data-id=\"1810218\" data-element_type=\"section\" data-e-type=\"section\" data-settings=\"{&quot;jet_parallax_layout_list&quot;:[]}\">\n\t\t\t\t\t\t<div class=\"elementor-container elementor-column-gap-default\">\n\t\t\t\t\t<div class=\"elementor-column elementor-col-100 elementor-top-column elementor-element elementor-element-1cec348\" data-id=\"1cec348\" data-element_type=\"column\" data-e-type=\"column\">\n\t\t\t<div class=\"elementor-widget-wrap elementor-element-populated\">\n\t\t\t\t\t\t<div class=\"elementor-element elementor-element-4b4c855 elementor-widget elementor-widget-text-editor\" data-id=\"4b4c855\" data-element_type=\"widget\" data-e-type=\"widget\" data-widget_type=\"text-editor.default\">\n\t\t\t\t<div class=\"elementor-widget-container\">\n\t\t\t\t\t\t\t\t\t<div id=\"c15062\" class=\"frame frame-default frame-type-text frame-layout-0\"><h3><strong>Was uns antreibt, ist die Zukunft.\u00a0<\/strong><\/h3><p>Entdecken Sie die Innovationskraft einer geschichtstr\u00e4chtigen und stets der Zukunft zugewandten Unternehmensgruppe: Auf der Fachpack vom 25. &#8211; 27. September 2018 in N\u00fcrnberg, Halle 5, Stand 346.<\/p><p>\u00a0<\/p><p><em>\u00dcber die Kunert Gruppe:<br \/>Innerhalb der Kunert Gruppe sind Spezialisten f\u00fcr Papierh\u00fclsen, Verpackungen aus Wellpappe, Kantenschutz und H\u00fclsenkarton in einem Ziel vereint: L\u00f6sungen f\u00fcr die Anforderungen der Kunden aus den unterschiedlichsten Branchen zu finden. Die Unternehmen Paul &amp; Co, Kunert Wellpappe und die eigenen H\u00fclsenkartonwerke besch\u00e4ftigen 2.000 Mitarbeiter an 17 Standorten in Europa und Asien. Das Familienunternehmen setzt dabei auf eigene Entwicklungsarbeit, eine l\u00f6sungsorientierte Haltung und einen kundenorientierten Service \u2013 seit 1893.<\/em><\/p><\/div>\t\t\t\t\t\t\t\t<\/div>\n\t\t\t\t<\/div>\n\t\t\t\t\t<\/div>\n\t\t<\/div>\n\t\t\t\t\t<\/div>\n\t\t<\/section>\n\t\t\t\t<\/div>\n\t\t","protected":false},"excerpt":{"rendered":"<p>Die Kunert Gruppe feiert ihre Geschichte \u2013 mit herausragenden Verpackungsl\u00f6sungen f\u00fcr die Zukunft. Wie zelebriert man 125 Jahre Verpackungserfahrung und Packaging-Kompetenz? Indem man die gewonnene Expertise in innovative Ideen umwandelt und seine Partner und Kunden mit neuen wegweisenden Konzepten begleitet. Auf der FachPack, der europ\u00e4ischen Fachmesse f\u00fcr Verpackung, Technologie, \u00a0Verarbeitung und Logistik, wird die Kunert &#8230; <a title=\"Die Kunert Gruppe feiert ihre Geschichte &#8211; FachPack 2018\" class=\"read-more\" href=\"https:\/\/www.kunertwellpappe.de\/de\/die-kunert-gruppe-feiert-ihre-geschichte-fachpack-2018\/\" aria-label=\"Mehr Informationen \u00fcber Die Kunert Gruppe feiert ihre Geschichte &#8211; FachPack 2018\">Weiterlesen<\/a><\/p>\n","protected":false},"author":3,"featured_media":0,"comment_status":"closed","ping_status":"open","sticky":false,"template":"","format":"standard","meta":{"_jf_save_progress":"","footnotes":""},"categories":[19,8,7],"tags":[],"class_list":["post-756","post","type-post","status-publish","format-standard","hentry","category-messe","category-verpackung","category-verpackungsloesung"],"_links":{"self":[{"href":"https:\/\/www.kunertwellpappe.de\/de\/wp-json\/wp\/v2\/posts\/756","targetHints":{"allow":["GET"]}}],"collection":[{"href":"https:\/\/www.kunertwellpappe.de\/de\/wp-json\/wp\/v2\/posts"}],"about":[{"href":"https:\/\/www.kunertwellpappe.de\/de\/wp-json\/wp\/v2\/types\/post"}],"author":[{"embeddable":true,"href":"https:\/\/www.kunertwellpappe.de\/de\/wp-json\/wp\/v2\/users\/3"}],"replies":[{"embeddable":true,"href":"https:\/\/www.kunertwellpappe.de\/de\/wp-json\/wp\/v2\/comments?post=756"}],"version-history":[{"count":7,"href":"https:\/\/www.kunertwellpappe.de\/de\/wp-json\/wp\/v2\/posts\/756\/revisions"}],"predecessor-version":[{"id":824,"href":"https:\/\/www.kunertwellpappe.de\/de\/wp-json\/wp\/v2\/posts\/756\/revisions\/824"}],"wp:attachment":[{"href":"https:\/\/www.kunertwellpappe.de\/de\/wp-json\/wp\/v2\/media?parent=756"}],"wp:term":[{"taxonomy":"category","embeddable":true,"href":"https:\/\/www.kunertwellpappe.de\/de\/wp-json\/wp\/v2\/categories?post=756"},{"taxonomy":"post_tag","embeddable":true,"href":"https:\/\/www.kunertwellpappe.de\/de\/wp-json\/wp\/v2\/tags?post=756"}],"curies":[{"name":"wp","href":"https:\/\/api.w.org\/{rel}","templated":true}]}}