{"id":750,"date":"2018-10-02T11:16:14","date_gmt":"2018-10-02T09:16:14","guid":{"rendered":"http:\/\/www.kunertwellpappe.de\/?p=750"},"modified":"2020-04-21T11:24:07","modified_gmt":"2020-04-21T09:24:07","slug":"erfolgreicher-ausbildungsabschluss-bei-kunert-wellpappe","status":"publish","type":"post","link":"https:\/\/www.kunertwellpappe.de\/de\/erfolgreicher-ausbildungsabschluss-bei-kunert-wellpappe\/","title":{"rendered":"Erfolgreicher Ausbildungsabschluss bei Kunert Wellpappe"},"content":{"rendered":"<h3><strong>Thomas Lampert wird als Kammersieger ausgezeichnet.<\/strong><\/h3>\n<p><em><strong>Einen erfolgreichen Ausbildungsabsolventen zu stellen ist keine allt\u00e4gliche Sache, freute sich Wolfgang Perleth als technischer Ausbildungsverantwortlicher bei Kunert Wellpappe in Bad Neustadt.<\/strong><\/em><\/p>\n<p>Der 26-j\u00e4hrige Thomas Lampert aus Ostheim hat allen Grund zur Freude. Nach seiner erfolgreich abgeschlossenen Ausbildung zum Packmittel-technologen bei Kunert Wellpappe, wurde er von der Industrie- und Handelskammer W\u00fcrzburg-Schweinfurt als erster Kammersieger ausgezeichnet. Aufgrund seiner hervorragenden schulischen Leistungen konnte er seine Ausbildungsdauer von drei auf zweieinhalb Jahre verk\u00fcrzen. Nun freut er sich \u00fcber die \u00dcbernahme seitens des Betriebes und auf seine weitere berufliche Zukunft bei Kunert Wellpappe.<\/p>\n<p>Das Werk Bad Neustadt von Kunert Wellpappe besch\u00e4ftigt derzeit knapp 200 Mitarbeiter. Davon befinden sich neun junge Menschen gerade in der Ausbildung, sowohl im technischen als auch im kaufm\u00e4nnischen Bereich. \u201eWir bilden unsere Mitarbeiter selbst aus und \u00fcbernehmen sie in aller Regel auch\u201c, erkl\u00e4rt Mathias Kunert, gesch\u00e4ftsf\u00fchrender Gesellschafter von Kunert Wellpappe in Bad Neustadt. Gutes Personal sorgt schlie\u00dflich f\u00fcr den Erfolg und Fortschritt eines Unternehmens.<\/p>\n<p>&nbsp;<\/p>\n<p><strong>Auf dem Bild (v. l. n. r.):<\/strong> Wolfgang Perleth, Ausbildungsverantwortlicher bei Kunert Wellpappe und Thomas Lampert<\/p>\n","protected":false},"excerpt":{"rendered":"<p>Thomas Lampert wird als Kammersieger ausgezeichnet. Einen erfolgreichen Ausbildungsabsolventen zu stellen ist keine allt\u00e4gliche Sache, freute sich Wolfgang Perleth als technischer Ausbildungsverantwortlicher bei Kunert Wellpappe in Bad Neustadt. Der 26-j\u00e4hrige Thomas Lampert aus Ostheim hat allen Grund zur Freude. Nach seiner erfolgreich abgeschlossenen Ausbildung zum Packmittel-technologen bei Kunert Wellpappe, wurde er von der Industrie- und &#8230; <a title=\"Erfolgreicher Ausbildungsabschluss bei Kunert Wellpappe\" class=\"read-more\" href=\"https:\/\/www.kunertwellpappe.de\/de\/erfolgreicher-ausbildungsabschluss-bei-kunert-wellpappe\/\" aria-label=\"Mehr Informationen \u00fcber Erfolgreicher Ausbildungsabschluss bei Kunert Wellpappe\">Weiterlesen<\/a><\/p>\n","protected":false},"author":3,"featured_media":751,"comment_status":"closed","ping_status":"open","sticky":false,"template":"","format":"standard","meta":{"_jf_save_progress":"","footnotes":""},"categories":[18],"tags":[],"class_list":["post-750","post","type-post","status-publish","format-standard","has-post-thumbnail","hentry","category-ausbildung"],"_links":{"self":[{"href":"https:\/\/www.kunertwellpappe.de\/de\/wp-json\/wp\/v2\/posts\/750","targetHints":{"allow":["GET"]}}],"collection":[{"href":"https:\/\/www.kunertwellpappe.de\/de\/wp-json\/wp\/v2\/posts"}],"about":[{"href":"https:\/\/www.kunertwellpappe.de\/de\/wp-json\/wp\/v2\/types\/post"}],"author":[{"embeddable":true,"href":"https:\/\/www.kunertwellpappe.de\/de\/wp-json\/wp\/v2\/users\/3"}],"replies":[{"embeddable":true,"href":"https:\/\/www.kunertwellpappe.de\/de\/wp-json\/wp\/v2\/comments?post=750"}],"version-history":[{"count":2,"href":"https:\/\/www.kunertwellpappe.de\/de\/wp-json\/wp\/v2\/posts\/750\/revisions"}],"predecessor-version":[{"id":753,"href":"https:\/\/www.kunertwellpappe.de\/de\/wp-json\/wp\/v2\/posts\/750\/revisions\/753"}],"wp:featuredmedia":[{"embeddable":true,"href":"https:\/\/www.kunertwellpappe.de\/de\/wp-json\/wp\/v2\/media\/751"}],"wp:attachment":[{"href":"https:\/\/www.kunertwellpappe.de\/de\/wp-json\/wp\/v2\/media?parent=750"}],"wp:term":[{"taxonomy":"category","embeddable":true,"href":"https:\/\/www.kunertwellpappe.de\/de\/wp-json\/wp\/v2\/categories?post=750"},{"taxonomy":"post_tag","embeddable":true,"href":"https:\/\/www.kunertwellpappe.de\/de\/wp-json\/wp\/v2\/tags?post=750"}],"curies":[{"name":"wp","href":"https:\/\/api.w.org\/{rel}","templated":true}]}}