{"id":6655,"date":"2025-03-04T18:08:12","date_gmt":"2025-03-04T17:08:12","guid":{"rendered":"https:\/\/www.kunertwellpappe.de\/de\/?p=6655"},"modified":"2025-03-04T18:08:12","modified_gmt":"2025-03-04T17:08:12","slug":"schuettgut-sicher-verpackt-mit-dem-kubin","status":"publish","type":"post","link":"https:\/\/www.kunertwellpappe.de\/de\/schuettgut-sicher-verpackt-mit-dem-kubin\/","title":{"rendered":"Sch\u00fcttgut sicher verpackt \u2013 mit dem KuBin!"},"content":{"rendered":"<p class=\"cvGsUA direction-ltr align-start para-style-body\"><span class=\"OYPEnA font-feature-liga-off font-feature-clig-off font-feature-calt-off text-decoration-none text-strikethrough-none\">Wenn es um die Verpackung von Sch\u00fcttg\u00fctern aller Art geht, ist unser KuBin die perfekte L\u00f6sung. Schnell und einfach im Aufbau. Kosteneffizient im Handling und der Lagerung. Stabil und Nachhaltig. Der KuBin sorgt f\u00fcr einen sicheren Transport, ist einfach in der Handhabung und entlastet Ihre Mitarbeiterinnen und Mitarbeiter.<\/span><\/p>\n<p class=\"cvGsUA direction-ltr align-start para-style-body\">\n<p class=\"cvGsUA direction-ltr align-start para-style-body\"><span class=\"OYPEnA font-feature-liga-off font-feature-clig-off font-feature-calt-off text-decoration-none text-strikethrough-none\">Aber am besten spricht unser Kunde selbst:<\/span><\/p>\n<p class=\"cvGsUA direction-ltr align-start para-style-body\"><span class=\"OYPEnA font-feature-liga-off font-feature-clig-off font-feature-calt-off text-decoration-none text-strikethrough-none\">\ud83d\udde3 \u201eMit dem KuBin haben wir eine Verpackung gefunden, die perfekt in unsere Logistik passt \u2013 robust, platzsparend und zuverl\u00e4ssig.\u201c<\/span><\/p>\n<p class=\"cvGsUA direction-ltr align-start para-style-body\">\n","protected":false},"excerpt":{"rendered":"<p>Wenn es um die Verpackung von Sch\u00fcttg\u00fctern aller Art geht, ist unser KuBin die perfekte L\u00f6sung. Schnell und einfach im Aufbau. Kosteneffizient im Handling und der Lagerung. Stabil und Nachhaltig. Der KuBin sorgt f\u00fcr einen sicheren Transport, ist einfach in der Handhabung und entlastet Ihre Mitarbeiterinnen und Mitarbeiter. Aber am besten spricht unser Kunde selbst: &#8230; <a title=\"Sch\u00fcttgut sicher verpackt \u2013 mit dem KuBin!\" class=\"read-more\" href=\"https:\/\/www.kunertwellpappe.de\/de\/schuettgut-sicher-verpackt-mit-dem-kubin\/\" aria-label=\"Mehr Informationen \u00fcber Sch\u00fcttgut sicher verpackt \u2013 mit dem KuBin!\">Weiterlesen<\/a><\/p>\n","protected":false},"author":3,"featured_media":6656,"comment_status":"closed","ping_status":"open","sticky":false,"template":"","format":"standard","meta":{"_jf_save_progress":"","footnotes":""},"categories":[7],"tags":[],"class_list":["post-6655","post","type-post","status-publish","format-standard","has-post-thumbnail","hentry","category-verpackungsloesung"],"_links":{"self":[{"href":"https:\/\/www.kunertwellpappe.de\/de\/wp-json\/wp\/v2\/posts\/6655","targetHints":{"allow":["GET"]}}],"collection":[{"href":"https:\/\/www.kunertwellpappe.de\/de\/wp-json\/wp\/v2\/posts"}],"about":[{"href":"https:\/\/www.kunertwellpappe.de\/de\/wp-json\/wp\/v2\/types\/post"}],"author":[{"embeddable":true,"href":"https:\/\/www.kunertwellpappe.de\/de\/wp-json\/wp\/v2\/users\/3"}],"replies":[{"embeddable":true,"href":"https:\/\/www.kunertwellpappe.de\/de\/wp-json\/wp\/v2\/comments?post=6655"}],"version-history":[{"count":2,"href":"https:\/\/www.kunertwellpappe.de\/de\/wp-json\/wp\/v2\/posts\/6655\/revisions"}],"predecessor-version":[{"id":6658,"href":"https:\/\/www.kunertwellpappe.de\/de\/wp-json\/wp\/v2\/posts\/6655\/revisions\/6658"}],"wp:featuredmedia":[{"embeddable":true,"href":"https:\/\/www.kunertwellpappe.de\/de\/wp-json\/wp\/v2\/media\/6656"}],"wp:attachment":[{"href":"https:\/\/www.kunertwellpappe.de\/de\/wp-json\/wp\/v2\/media?parent=6655"}],"wp:term":[{"taxonomy":"category","embeddable":true,"href":"https:\/\/www.kunertwellpappe.de\/de\/wp-json\/wp\/v2\/categories?post=6655"},{"taxonomy":"post_tag","embeddable":true,"href":"https:\/\/www.kunertwellpappe.de\/de\/wp-json\/wp\/v2\/tags?post=6655"}],"curies":[{"name":"wp","href":"https:\/\/api.w.org\/{rel}","templated":true}]}}