{"id":6609,"date":"2024-12-16T15:31:05","date_gmt":"2024-12-16T14:31:05","guid":{"rendered":"https:\/\/www.kunertwellpappe.de\/de\/?p=6609"},"modified":"2024-12-16T15:31:05","modified_gmt":"2024-12-16T14:31:05","slug":"neue-modulargroessen-fuer-ueberseeverpackungen","status":"publish","type":"post","link":"https:\/\/www.kunertwellpappe.de\/de\/neue-modulargroessen-fuer-ueberseeverpackungen\/","title":{"rendered":"Neue Modulargr\u00f6\u00dfen f\u00fcr \u00dcberseeverpackungen:"},"content":{"rendered":"<h3>\u00a0Effizienz trifft Flexibilit\u00e4t! \ud83d\udea2\ud83d\udce6<\/h3>\n<p>Wir haben unsere \u00dcberseeverpackungen weiter optimiert und freuen uns, Ihnen <strong>neue Modulargr\u00f6\u00dfen<\/strong> vorzustellen. Damit bieten wir ma\u00dfgeschneiderte L\u00f6sungen, die Ihre Logistik noch effizienter gestalten:<\/p>\n<p>\u2714 <strong>Individuelle Anpassung:<\/strong> Modulargr\u00f6\u00dfen, die perfekt auf Ihre Anforderungen abgestimmt sind.<br \/>\n\u2714 <strong>Kosteneffizienz:<\/strong> Maximale Ausnutzung des Containervolumens senkt Ihre Frachtkosten.<br \/>\n\u2714 <strong>Nachhaltigkeit:<\/strong> Passgenaue L\u00f6sungen sparen Material und schonen die Umwelt.<\/p>\n<p>Unsere neuen Modulargr\u00f6\u00dfen sind die perfekte Wahl f\u00fcr Unternehmen, die Flexibilit\u00e4t, Wirtschaftlichkeit und Nachhaltigkeit verbinden m\u00f6chten.<\/p>\n<p>\ud83d\udc49 <strong>Sprechen Sie uns an \u2013 wir finden die optimale L\u00f6sung f\u00fcr Ihren Transport!<\/strong><\/p>\n","protected":false},"excerpt":{"rendered":"<p>\u00a0Effizienz trifft Flexibilit\u00e4t! \ud83d\udea2\ud83d\udce6 Wir haben unsere \u00dcberseeverpackungen weiter optimiert und freuen uns, Ihnen neue Modulargr\u00f6\u00dfen vorzustellen. Damit bieten wir ma\u00dfgeschneiderte L\u00f6sungen, die Ihre Logistik noch effizienter gestalten: \u2714 Individuelle Anpassung: Modulargr\u00f6\u00dfen, die perfekt auf Ihre Anforderungen abgestimmt sind. \u2714 Kosteneffizienz: Maximale Ausnutzung des Containervolumens senkt Ihre Frachtkosten. \u2714 Nachhaltigkeit: Passgenaue L\u00f6sungen sparen Material und &#8230; <a title=\"Neue Modulargr\u00f6\u00dfen f\u00fcr \u00dcberseeverpackungen:\" class=\"read-more\" href=\"https:\/\/www.kunertwellpappe.de\/de\/neue-modulargroessen-fuer-ueberseeverpackungen\/\" aria-label=\"Mehr Informationen \u00fcber Neue Modulargr\u00f6\u00dfen f\u00fcr \u00dcberseeverpackungen:\">Weiterlesen<\/a><\/p>\n","protected":false},"author":3,"featured_media":6610,"comment_status":"closed","ping_status":"open","sticky":false,"template":"","format":"standard","meta":{"_jf_save_progress":"","footnotes":""},"categories":[7],"tags":[],"class_list":["post-6609","post","type-post","status-publish","format-standard","has-post-thumbnail","hentry","category-verpackungsloesung"],"_links":{"self":[{"href":"https:\/\/www.kunertwellpappe.de\/de\/wp-json\/wp\/v2\/posts\/6609","targetHints":{"allow":["GET"]}}],"collection":[{"href":"https:\/\/www.kunertwellpappe.de\/de\/wp-json\/wp\/v2\/posts"}],"about":[{"href":"https:\/\/www.kunertwellpappe.de\/de\/wp-json\/wp\/v2\/types\/post"}],"author":[{"embeddable":true,"href":"https:\/\/www.kunertwellpappe.de\/de\/wp-json\/wp\/v2\/users\/3"}],"replies":[{"embeddable":true,"href":"https:\/\/www.kunertwellpappe.de\/de\/wp-json\/wp\/v2\/comments?post=6609"}],"version-history":[{"count":2,"href":"https:\/\/www.kunertwellpappe.de\/de\/wp-json\/wp\/v2\/posts\/6609\/revisions"}],"predecessor-version":[{"id":6612,"href":"https:\/\/www.kunertwellpappe.de\/de\/wp-json\/wp\/v2\/posts\/6609\/revisions\/6612"}],"wp:featuredmedia":[{"embeddable":true,"href":"https:\/\/www.kunertwellpappe.de\/de\/wp-json\/wp\/v2\/media\/6610"}],"wp:attachment":[{"href":"https:\/\/www.kunertwellpappe.de\/de\/wp-json\/wp\/v2\/media?parent=6609"}],"wp:term":[{"taxonomy":"category","embeddable":true,"href":"https:\/\/www.kunertwellpappe.de\/de\/wp-json\/wp\/v2\/categories?post=6609"},{"taxonomy":"post_tag","embeddable":true,"href":"https:\/\/www.kunertwellpappe.de\/de\/wp-json\/wp\/v2\/tags?post=6609"}],"curies":[{"name":"wp","href":"https:\/\/api.w.org\/{rel}","templated":true}]}}