{"id":6341,"date":"2024-06-12T11:55:42","date_gmt":"2024-06-12T09:55:42","guid":{"rendered":"https:\/\/www.kunertwellpappe.de\/de\/?p=6341"},"modified":"2024-06-14T11:57:21","modified_gmt":"2024-06-14T09:57:21","slug":"%f0%9f%8e%89-ehrung-der-tutoren-auf-der-13-pmt-projektmesse-%f0%9f%8e%89","status":"publish","type":"post","link":"https:\/\/www.kunertwellpappe.de\/de\/%f0%9f%8e%89-ehrung-der-tutoren-auf-der-13-pmt-projektmesse-%f0%9f%8e%89\/","title":{"rendered":"\ud83c\udf89 Ehrung der Tutoren auf der 13. PMT-Projektmesse \ud83c\udf89"},"content":{"rendered":"<div>\n<p>W\u00e4hrend der 13. PMT-Projektmesse in Lindau wurden die engagierten Tutoren der Abteilung Packmitteltechnologie in einer kleinen Feierstunde ausgezeichnet.\u00a0\ud83d\udc4f<\/p>\n<\/div>\n<div>\n<p>Auch David Schmitt von Kunert Wellpappe Bad Neustadt, wurde f\u00fcr seinen \u00fcberdurchschnittlichen Einsatz von Dr. Thorsten Arl, dem Hauptgesch\u00e4ftsf\u00fchrer von Baypapier, geehrt.<\/p>\n<\/div>\n<div>\n<p>Tutoren setzen sich ehrenamtlich und mit gro\u00dfem Engagement durch zus\u00e4tzliche \u00dcbungsstunden f\u00fcr schw\u00e4chere Mitsch\u00fcler und Mitsch\u00fclerinnen ein.<\/p>\n<\/div>\n<div>\n<p>Wir finden das Tutoren-Konzept beeindruckend und freuen uns sehr, dass Dennis sich so engagiert daran beteiligt hat.<\/p>\n<\/div>\n<div>\n<p>#PMTProjektmesse #BSZLindau #TutorenProgramm #Engagement #Packmitteltechnologie #KunertWellpappe #Baypapier #Klassengemeinschaft #Auszeichnung<\/p>\n<\/div>\n","protected":false},"excerpt":{"rendered":"<p>W\u00e4hrend der 13. PMT-Projektmesse in Lindau wurden die engagierten Tutoren der Abteilung Packmitteltechnologie in einer kleinen Feierstunde ausgezeichnet.\u00a0\ud83d\udc4f Auch David Schmitt von Kunert Wellpappe Bad Neustadt, wurde f\u00fcr seinen \u00fcberdurchschnittlichen Einsatz von Dr. Thorsten Arl, dem Hauptgesch\u00e4ftsf\u00fchrer von Baypapier, geehrt. Tutoren setzen sich ehrenamtlich und mit gro\u00dfem Engagement durch zus\u00e4tzliche \u00dcbungsstunden f\u00fcr schw\u00e4chere Mitsch\u00fcler und &#8230; <a title=\"\ud83c\udf89 Ehrung der Tutoren auf der 13. PMT-Projektmesse \ud83c\udf89\" class=\"read-more\" href=\"https:\/\/www.kunertwellpappe.de\/de\/%f0%9f%8e%89-ehrung-der-tutoren-auf-der-13-pmt-projektmesse-%f0%9f%8e%89\/\" aria-label=\"Mehr Informationen \u00fcber \ud83c\udf89 Ehrung der Tutoren auf der 13. PMT-Projektmesse \ud83c\udf89\">Weiterlesen<\/a><\/p>\n","protected":false},"author":3,"featured_media":6335,"comment_status":"closed","ping_status":"open","sticky":false,"template":"","format":"standard","meta":{"_jf_save_progress":"","footnotes":""},"categories":[18,16],"tags":[],"class_list":["post-6341","post","type-post","status-publish","format-standard","has-post-thumbnail","hentry","category-ausbildung","category-auszeichnung"],"_links":{"self":[{"href":"https:\/\/www.kunertwellpappe.de\/de\/wp-json\/wp\/v2\/posts\/6341","targetHints":{"allow":["GET"]}}],"collection":[{"href":"https:\/\/www.kunertwellpappe.de\/de\/wp-json\/wp\/v2\/posts"}],"about":[{"href":"https:\/\/www.kunertwellpappe.de\/de\/wp-json\/wp\/v2\/types\/post"}],"author":[{"embeddable":true,"href":"https:\/\/www.kunertwellpappe.de\/de\/wp-json\/wp\/v2\/users\/3"}],"replies":[{"embeddable":true,"href":"https:\/\/www.kunertwellpappe.de\/de\/wp-json\/wp\/v2\/comments?post=6341"}],"version-history":[{"count":1,"href":"https:\/\/www.kunertwellpappe.de\/de\/wp-json\/wp\/v2\/posts\/6341\/revisions"}],"predecessor-version":[{"id":6342,"href":"https:\/\/www.kunertwellpappe.de\/de\/wp-json\/wp\/v2\/posts\/6341\/revisions\/6342"}],"wp:featuredmedia":[{"embeddable":true,"href":"https:\/\/www.kunertwellpappe.de\/de\/wp-json\/wp\/v2\/media\/6335"}],"wp:attachment":[{"href":"https:\/\/www.kunertwellpappe.de\/de\/wp-json\/wp\/v2\/media?parent=6341"}],"wp:term":[{"taxonomy":"category","embeddable":true,"href":"https:\/\/www.kunertwellpappe.de\/de\/wp-json\/wp\/v2\/categories?post=6341"},{"taxonomy":"post_tag","embeddable":true,"href":"https:\/\/www.kunertwellpappe.de\/de\/wp-json\/wp\/v2\/tags?post=6341"}],"curies":[{"name":"wp","href":"https:\/\/api.w.org\/{rel}","templated":true}]}}