{"id":6332,"date":"2024-06-14T11:54:20","date_gmt":"2024-06-14T09:54:20","guid":{"rendered":"https:\/\/www.kunertwellpappe.de\/de\/?p=6332"},"modified":"2024-06-14T11:55:22","modified_gmt":"2024-06-14T09:55:22","slug":"einblicke-in-die-projektarbeiten-zur-13-pmt-projektmesse-in-lindau","status":"publish","type":"post","link":"https:\/\/www.kunertwellpappe.de\/de\/einblicke-in-die-projektarbeiten-zur-13-pmt-projektmesse-in-lindau\/","title":{"rendered":"Einblicke in die Projektarbeiten zur  13. PMT-Projektmesse in Lindau"},"content":{"rendered":"\t\t<div data-elementor-type=\"wp-post\" data-elementor-id=\"6332\" class=\"elementor elementor-6332\" data-elementor-settings=\"{&quot;element_pack_global_tooltip_width&quot;:{&quot;unit&quot;:&quot;px&quot;,&quot;size&quot;:&quot;&quot;,&quot;sizes&quot;:[]},&quot;element_pack_global_tooltip_width_tablet&quot;:{&quot;unit&quot;:&quot;px&quot;,&quot;size&quot;:&quot;&quot;,&quot;sizes&quot;:[]},&quot;element_pack_global_tooltip_width_mobile&quot;:{&quot;unit&quot;:&quot;px&quot;,&quot;size&quot;:&quot;&quot;,&quot;sizes&quot;:[]},&quot;element_pack_global_tooltip_padding&quot;:{&quot;unit&quot;:&quot;px&quot;,&quot;top&quot;:&quot;&quot;,&quot;right&quot;:&quot;&quot;,&quot;bottom&quot;:&quot;&quot;,&quot;left&quot;:&quot;&quot;,&quot;isLinked&quot;:true},&quot;element_pack_global_tooltip_padding_tablet&quot;:{&quot;unit&quot;:&quot;px&quot;,&quot;top&quot;:&quot;&quot;,&quot;right&quot;:&quot;&quot;,&quot;bottom&quot;:&quot;&quot;,&quot;left&quot;:&quot;&quot;,&quot;isLinked&quot;:true},&quot;element_pack_global_tooltip_padding_mobile&quot;:{&quot;unit&quot;:&quot;px&quot;,&quot;top&quot;:&quot;&quot;,&quot;right&quot;:&quot;&quot;,&quot;bottom&quot;:&quot;&quot;,&quot;left&quot;:&quot;&quot;,&quot;isLinked&quot;:true},&quot;element_pack_global_tooltip_border_radius&quot;:{&quot;unit&quot;:&quot;px&quot;,&quot;top&quot;:&quot;&quot;,&quot;right&quot;:&quot;&quot;,&quot;bottom&quot;:&quot;&quot;,&quot;left&quot;:&quot;&quot;,&quot;isLinked&quot;:true},&quot;element_pack_global_tooltip_border_radius_tablet&quot;:{&quot;unit&quot;:&quot;px&quot;,&quot;top&quot;:&quot;&quot;,&quot;right&quot;:&quot;&quot;,&quot;bottom&quot;:&quot;&quot;,&quot;left&quot;:&quot;&quot;,&quot;isLinked&quot;:true},&quot;element_pack_global_tooltip_border_radius_mobile&quot;:{&quot;unit&quot;:&quot;px&quot;,&quot;top&quot;:&quot;&quot;,&quot;right&quot;:&quot;&quot;,&quot;bottom&quot;:&quot;&quot;,&quot;left&quot;:&quot;&quot;,&quot;isLinked&quot;:true}}\" data-elementor-post-type=\"post\">\n\t\t\t\t\t\t<section class=\"elementor-section elementor-top-section elementor-element elementor-element-accfde9 elementor-section-boxed elementor-section-height-default elementor-section-height-default\" data-id=\"accfde9\" data-element_type=\"section\" data-e-type=\"section\" data-settings=\"{&quot;jet_parallax_layout_list&quot;:[]}\">\n\t\t\t\t\t\t<div class=\"elementor-container elementor-column-gap-default\">\n\t\t\t\t\t<div class=\"elementor-column elementor-col-100 elementor-top-column elementor-element elementor-element-6c12c764\" data-id=\"6c12c764\" data-element_type=\"column\" data-e-type=\"column\">\n\t\t\t<div class=\"elementor-widget-wrap elementor-element-populated\">\n\t\t\t\t\t\t<div class=\"elementor-element elementor-element-114340ca elementor-widget elementor-widget-text-editor\" data-id=\"114340ca\" data-element_type=\"widget\" data-e-type=\"widget\" data-widget_type=\"text-editor.default\">\n\t\t\t\t<div class=\"elementor-widget-container\">\n\t\t\t\t\t\t\t\t\t<div>\r\n\r\nWir freuen uns, die besonderen Arbeiten unserer Auszubildenden Maxim Hensel und Maximilian M\u00fcltner vorzustellen, die auf der 13. PMT-Projektmesse in der BSZ Lindau ihre Projektarbeiten pr\u00e4sentierten!\u00a0\ud83c\udf89\r\n\r\n<\/div>\r\n<div>\r\n\r\nMaxim Hensel hat eine innovative Verpackung f\u00fcr einen Dyson Handstaubsauger mit Aufs\u00e4tzen entwickelt, w\u00e4hrend Maximilian M\u00fcltner eine beeindruckende Spule mit Tragkoffer aus Wellpappe konzipiert hat. Beide Projekte zeigen den gesamten Prozess, den Packmitteltechnologen durchlaufen: von der ersten Kundenanfrage \u00fcber die Konzeption und Kalkulation bis hin zur Produktion der fertigen Verpackung.\u00a0\ud83d\udce6\ud83d\udd27\r\n\r\n<\/div>\r\n<div>\r\n\r\nDie Detailgenauigkeit und das Engagement, das Maxim und Maximilian in ihre Projekte gesteckt haben, sind bemerkenswert. Wir sind unglaublich stolz auf ihre Leistungen und freuen uns darauf, ihre Zukunft in der Packmitteltechnologie weiter zu verfolgen!\u00a0\ud83d\ude80\r\n\r\n<\/div>\r\n#PMTProjektmesse #BSZLindau #Packmitteltechnologie #Azubis #Innovation #Wellpappe\t\t\t\t\t\t\t\t<\/div>\n\t\t\t\t<\/div>\n\t\t\t\t<section class=\"elementor-section elementor-inner-section elementor-element elementor-element-ee6c005 elementor-section-boxed elementor-section-height-default elementor-section-height-default\" data-id=\"ee6c005\" data-element_type=\"section\" data-e-type=\"section\" data-settings=\"{&quot;jet_parallax_layout_list&quot;:[]}\">\n\t\t\t\t\t\t<div class=\"elementor-container elementor-column-gap-default\">\n\t\t\t\t\t<div class=\"elementor-column elementor-col-50 elementor-inner-column elementor-element elementor-element-8f4eb19\" data-id=\"8f4eb19\" data-element_type=\"column\" data-e-type=\"column\">\n\t\t\t<div class=\"elementor-widget-wrap elementor-element-populated\">\n\t\t\t\t\t\t<div class=\"elementor-element elementor-element-e2d8b99 elementor-widget elementor-widget-image\" data-id=\"e2d8b99\" data-element_type=\"widget\" data-e-type=\"widget\" data-widget_type=\"image.default\">\n\t\t\t\t<div class=\"elementor-widget-container\">\n\t\t\t\t\t\t\t\t\t\t\t\t\t\t\t<img fetchpriority=\"high\" decoding=\"async\" width=\"768\" height=\"768\" src=\"https:\/\/www.kunertwellpappe.de\/de\/wp-content\/uploads\/2024\/06\/Kunert-Wellpappe-Ausbildung-2-768x768.png\" class=\"attachment-medium_large size-medium_large wp-image-6333\" alt=\"\" srcset=\"https:\/\/www.kunertwellpappe.de\/de\/wp-content\/uploads\/2024\/06\/Kunert-Wellpappe-Ausbildung-2-768x768.png 768w, https:\/\/www.kunertwellpappe.de\/de\/wp-content\/uploads\/2024\/06\/Kunert-Wellpappe-Ausbildung-2-300x300.png 300w, https:\/\/www.kunertwellpappe.de\/de\/wp-content\/uploads\/2024\/06\/Kunert-Wellpappe-Ausbildung-2-1024x1024.png 1024w, https:\/\/www.kunertwellpappe.de\/de\/wp-content\/uploads\/2024\/06\/Kunert-Wellpappe-Ausbildung-2-150x150.png 150w, https:\/\/www.kunertwellpappe.de\/de\/wp-content\/uploads\/2024\/06\/Kunert-Wellpappe-Ausbildung-2-700x700.png 700w, https:\/\/www.kunertwellpappe.de\/de\/wp-content\/uploads\/2024\/06\/Kunert-Wellpappe-Ausbildung-2.png 1276w\" sizes=\"(max-width: 768px) 100vw, 768px\" \/>\t\t\t\t\t\t\t\t\t\t\t\t\t\t\t<\/div>\n\t\t\t\t<\/div>\n\t\t\t\t\t<\/div>\n\t\t<\/div>\n\t\t\t\t<div class=\"elementor-column elementor-col-50 elementor-inner-column elementor-element elementor-element-bad1eae\" data-id=\"bad1eae\" data-element_type=\"column\" data-e-type=\"column\">\n\t\t\t<div class=\"elementor-widget-wrap elementor-element-populated\">\n\t\t\t\t\t\t<div class=\"elementor-element elementor-element-544bef5 elementor-widget elementor-widget-image\" data-id=\"544bef5\" data-element_type=\"widget\" data-e-type=\"widget\" data-widget_type=\"image.default\">\n\t\t\t\t<div class=\"elementor-widget-container\">\n\t\t\t\t\t\t\t\t\t\t\t\t\t\t\t<img decoding=\"async\" width=\"768\" height=\"768\" src=\"https:\/\/www.kunertwellpappe.de\/de\/wp-content\/uploads\/2024\/06\/Kunert-Wellpappe-Ausbildung-3-768x768.png\" class=\"attachment-medium_large size-medium_large wp-image-6334\" alt=\"\" srcset=\"https:\/\/www.kunertwellpappe.de\/de\/wp-content\/uploads\/2024\/06\/Kunert-Wellpappe-Ausbildung-3-768x768.png 768w, https:\/\/www.kunertwellpappe.de\/de\/wp-content\/uploads\/2024\/06\/Kunert-Wellpappe-Ausbildung-3-300x300.png 300w, https:\/\/www.kunertwellpappe.de\/de\/wp-content\/uploads\/2024\/06\/Kunert-Wellpappe-Ausbildung-3-1024x1024.png 1024w, https:\/\/www.kunertwellpappe.de\/de\/wp-content\/uploads\/2024\/06\/Kunert-Wellpappe-Ausbildung-3-150x150.png 150w, https:\/\/www.kunertwellpappe.de\/de\/wp-content\/uploads\/2024\/06\/Kunert-Wellpappe-Ausbildung-3-700x700.png 700w, https:\/\/www.kunertwellpappe.de\/de\/wp-content\/uploads\/2024\/06\/Kunert-Wellpappe-Ausbildung-3.png 1276w\" sizes=\"(max-width: 768px) 100vw, 768px\" \/>\t\t\t\t\t\t\t\t\t\t\t\t\t\t\t<\/div>\n\t\t\t\t<\/div>\n\t\t\t\t\t<\/div>\n\t\t<\/div>\n\t\t\t\t\t<\/div>\n\t\t<\/section>\n\t\t\t\t\t<\/div>\n\t\t<\/div>\n\t\t\t\t\t<\/div>\n\t\t<\/section>\n\t\t\t\t<\/div>\n\t\t","protected":false},"excerpt":{"rendered":"<p>Wir freuen uns, die besonderen Arbeiten unserer Auszubildenden Maxim Hensel und Maximilian M\u00fcltner vorzustellen, die auf der 13. PMT-Projektmesse in der BSZ Lindau ihre Projektarbeiten pr\u00e4sentierten!\u00a0\ud83c\udf89 Maxim Hensel hat eine innovative Verpackung f\u00fcr einen Dyson Handstaubsauger mit Aufs\u00e4tzen entwickelt, w\u00e4hrend Maximilian M\u00fcltner eine beeindruckende Spule mit Tragkoffer aus Wellpappe konzipiert hat. Beide Projekte zeigen den &#8230; <a title=\"Einblicke in die Projektarbeiten zur  13. PMT-Projektmesse in Lindau\" class=\"read-more\" href=\"https:\/\/www.kunertwellpappe.de\/de\/einblicke-in-die-projektarbeiten-zur-13-pmt-projektmesse-in-lindau\/\" aria-label=\"Mehr Informationen \u00fcber Einblicke in die Projektarbeiten zur  13. PMT-Projektmesse in Lindau\">Weiterlesen<\/a><\/p>\n","protected":false},"author":3,"featured_media":6336,"comment_status":"closed","ping_status":"open","sticky":false,"template":"","format":"standard","meta":{"_jf_save_progress":"","footnotes":""},"categories":[18,16],"tags":[],"class_list":["post-6332","post","type-post","status-publish","format-standard","has-post-thumbnail","hentry","category-ausbildung","category-auszeichnung"],"_links":{"self":[{"href":"https:\/\/www.kunertwellpappe.de\/de\/wp-json\/wp\/v2\/posts\/6332","targetHints":{"allow":["GET"]}}],"collection":[{"href":"https:\/\/www.kunertwellpappe.de\/de\/wp-json\/wp\/v2\/posts"}],"about":[{"href":"https:\/\/www.kunertwellpappe.de\/de\/wp-json\/wp\/v2\/types\/post"}],"author":[{"embeddable":true,"href":"https:\/\/www.kunertwellpappe.de\/de\/wp-json\/wp\/v2\/users\/3"}],"replies":[{"embeddable":true,"href":"https:\/\/www.kunertwellpappe.de\/de\/wp-json\/wp\/v2\/comments?post=6332"}],"version-history":[{"count":4,"href":"https:\/\/www.kunertwellpappe.de\/de\/wp-json\/wp\/v2\/posts\/6332\/revisions"}],"predecessor-version":[{"id":6340,"href":"https:\/\/www.kunertwellpappe.de\/de\/wp-json\/wp\/v2\/posts\/6332\/revisions\/6340"}],"wp:featuredmedia":[{"embeddable":true,"href":"https:\/\/www.kunertwellpappe.de\/de\/wp-json\/wp\/v2\/media\/6336"}],"wp:attachment":[{"href":"https:\/\/www.kunertwellpappe.de\/de\/wp-json\/wp\/v2\/media?parent=6332"}],"wp:term":[{"taxonomy":"category","embeddable":true,"href":"https:\/\/www.kunertwellpappe.de\/de\/wp-json\/wp\/v2\/categories?post=6332"},{"taxonomy":"post_tag","embeddable":true,"href":"https:\/\/www.kunertwellpappe.de\/de\/wp-json\/wp\/v2\/tags?post=6332"}],"curies":[{"name":"wp","href":"https:\/\/api.w.org\/{rel}","templated":true}]}}