{"id":6190,"date":"2024-05-10T09:21:30","date_gmt":"2024-05-10T07:21:30","guid":{"rendered":"https:\/\/www.kunertwellpappe.de\/de\/?p=6190"},"modified":"2024-05-10T20:18:38","modified_gmt":"2024-05-10T18:18:38","slug":"interview-mit-tamina-hilgert-industriemechanikerin-bei-kunert-wellpappe","status":"publish","type":"post","link":"https:\/\/www.kunertwellpappe.de\/de\/interview-mit-tamina-hilgert-industriemechanikerin-bei-kunert-wellpappe\/","title":{"rendered":"Interview mit Tamina Hilgert &#8211; Industriemechanikerin bei KUNERT Wellpappe"},"content":{"rendered":"\t\t<div data-elementor-type=\"wp-post\" data-elementor-id=\"6190\" class=\"elementor elementor-6190\" data-elementor-settings=\"{&quot;element_pack_global_tooltip_width&quot;:{&quot;unit&quot;:&quot;px&quot;,&quot;size&quot;:&quot;&quot;,&quot;sizes&quot;:[]},&quot;element_pack_global_tooltip_width_tablet&quot;:{&quot;unit&quot;:&quot;px&quot;,&quot;size&quot;:&quot;&quot;,&quot;sizes&quot;:[]},&quot;element_pack_global_tooltip_width_mobile&quot;:{&quot;unit&quot;:&quot;px&quot;,&quot;size&quot;:&quot;&quot;,&quot;sizes&quot;:[]},&quot;element_pack_global_tooltip_padding&quot;:{&quot;unit&quot;:&quot;px&quot;,&quot;top&quot;:&quot;&quot;,&quot;right&quot;:&quot;&quot;,&quot;bottom&quot;:&quot;&quot;,&quot;left&quot;:&quot;&quot;,&quot;isLinked&quot;:true},&quot;element_pack_global_tooltip_padding_tablet&quot;:{&quot;unit&quot;:&quot;px&quot;,&quot;top&quot;:&quot;&quot;,&quot;right&quot;:&quot;&quot;,&quot;bottom&quot;:&quot;&quot;,&quot;left&quot;:&quot;&quot;,&quot;isLinked&quot;:true},&quot;element_pack_global_tooltip_padding_mobile&quot;:{&quot;unit&quot;:&quot;px&quot;,&quot;top&quot;:&quot;&quot;,&quot;right&quot;:&quot;&quot;,&quot;bottom&quot;:&quot;&quot;,&quot;left&quot;:&quot;&quot;,&quot;isLinked&quot;:true},&quot;element_pack_global_tooltip_border_radius&quot;:{&quot;unit&quot;:&quot;px&quot;,&quot;top&quot;:&quot;&quot;,&quot;right&quot;:&quot;&quot;,&quot;bottom&quot;:&quot;&quot;,&quot;left&quot;:&quot;&quot;,&quot;isLinked&quot;:true},&quot;element_pack_global_tooltip_border_radius_tablet&quot;:{&quot;unit&quot;:&quot;px&quot;,&quot;top&quot;:&quot;&quot;,&quot;right&quot;:&quot;&quot;,&quot;bottom&quot;:&quot;&quot;,&quot;left&quot;:&quot;&quot;,&quot;isLinked&quot;:true},&quot;element_pack_global_tooltip_border_radius_mobile&quot;:{&quot;unit&quot;:&quot;px&quot;,&quot;top&quot;:&quot;&quot;,&quot;right&quot;:&quot;&quot;,&quot;bottom&quot;:&quot;&quot;,&quot;left&quot;:&quot;&quot;,&quot;isLinked&quot;:true}}\" data-elementor-post-type=\"post\">\n\t\t\t\t\t\t<section class=\"elementor-section elementor-top-section elementor-element elementor-element-39ce13d3 elementor-section-boxed elementor-section-height-default elementor-section-height-default\" data-id=\"39ce13d3\" data-element_type=\"section\" data-e-type=\"section\" data-settings=\"{&quot;jet_parallax_layout_list&quot;:[]}\">\n\t\t\t\t\t\t<div class=\"elementor-container elementor-column-gap-default\">\n\t\t\t\t\t<div class=\"elementor-column elementor-col-100 elementor-top-column elementor-element elementor-element-55d72205\" data-id=\"55d72205\" data-element_type=\"column\" data-e-type=\"column\">\n\t\t\t<div class=\"elementor-widget-wrap elementor-element-populated\">\n\t\t\t\t\t\t<div class=\"elementor-element elementor-element-473de465 elementor-widget elementor-widget-text-editor\" data-id=\"473de465\" data-element_type=\"widget\" data-e-type=\"widget\" data-widget_type=\"text-editor.default\">\n\t\t\t\t<div class=\"elementor-widget-container\">\n\t\t\t\t\t\t\t\t\t<p style=\"font-weight: 400;\"><strong>1 Wie alt bist Du Tamina?<br \/><\/strong>21<br \/><strong><br \/>2 Und welche Ausbildung hast Du gemacht?<br \/><\/strong>Ich bin Industriemechanikerin und habe die Ausbildung 2022 abgeschlossen.<br \/><strong><br \/>3 Hast Du die Ausbildung auch schon bei Kunert gemacht<br \/><\/strong>Nein, meine Ausbildung habe ich am Fraunhofer Institut gemacht. Dort habe ich Forschungsmaschinen gewartet und auch Maschinenteile gefertigt.<\/p><p style=\"font-weight: 400;\"><strong>4 War dies Deine Wunsch-Ausbildung?<br \/><\/strong>Im Grunde war es f\u00fcr mich klar, dass ich etwas mit Holz oder Metall machen m\u00f6chte. Das liegt auch in unserer Familie, ich bin jetzt in der dritten Generation in einem Mechanikerberuf. Mein Opa und mein Vater arbeiten auch beide als Mechaniker. Ich wollte einen Beruf lernen, in dem ich nicht am Schreibtisch sitzen muss. Das ist nichts f\u00fcr mich. Schreiner war mein erster Wunsch, aber in unserer Region gab es keine geeigneten Ausbildungsbetriebe und so bin ich am Fraunhofer Institut gelandet und habe die Ausbildung zur Industriemechanikerin absolviert.<\/p><p style=\"font-weight: 400;\"><strong>5 Was geh\u00f6rt zur Ausbildung?<br \/><\/strong>Im Grund alles, was mit der Herstellung von Maschinenteilen und der Montage, Wartung und Reparatur von Maschinen zu tun hat. Maschinenkunde, Werkstoffkunde, drehen, fr\u00e4sen, feilen. Das Sch\u00f6ne ist, dass man schon w\u00e4hrend der Ausbildung gleich mitarbeiten kann.<\/p><p style=\"font-weight: 400;\"><strong>6 Seit wann bist Du bei Kunert?<br \/><\/strong>Nach meiner Ausbildung wurde ich am Fraunhofer nicht \u00fcbernommen und habe dann zun\u00e4chst bei einer anderen Firma gearbeitet, aber dort lief es gar nicht gut. Ich hatte sehr viele Kollegen, f\u00fcr die es nicht vorstellbar war, dass eine junge Frau denselben Beruf, genauso gut aus\u00fcben kann, wie ein Mann. Ich bin dann noch in der Probezeit gegangen, habe mich bei Kunert beworben und seitdem bin ich hier. Das war im M\u00e4rz 2023.<\/p><p style=\"font-weight: 400;\"><strong>7 Und wie ist die Situation bei Kunert f\u00fcr Dich?<br \/><\/strong>Auch hier bin ich die einzige Frau, aber f\u00fcr meine Kollegen ist das \u00fcberhaupt kein Thema. Ich mache meine Arbeit, wie alle anderen auch und das ist das, was hier z\u00e4hlt. Ich f\u00fchle mich bei Kunert sehr wohl. Wir verstehen uns alle sehr gut in der Schlosserei und treffen uns teilweise auch privat.<\/p><p style=\"font-weight: 400;\"><strong>8 Das klingt prima! Und was sind Deine konkreten Aufgaben im Betrieb?<br \/><\/strong>Im Grunde sind wir f\u00fcr die Wartung, Instandsetzung und Reparatur zust\u00e4ndig. Wenn wir geholt werden, hat die Maschine einen Fehler angezeigt. Maschinenteile baue ich hier nicht, aber das ist \u00fcberhaupt kein Problem f\u00fcr mich.<\/p><p style=\"font-weight: 400;\"><strong>9 Was macht dir an Deiner Arbeit bei Kunert Spa\u00df?<br \/><\/strong>Die Arbeit ist extrem vielf\u00e4ltig, kein Tag ist wie der andere und ich muss mich immer wieder auf neue Situationen einstellen und Probleme l\u00f6sen. Die Aufgabenstellungen sind teilweise so speziell, dass sogar Kollegen, die schon 20 Jahre bei Kunert sind, manches noch nicht erlebt hatten und wir dann gemeinsam nach L\u00f6sungen suchen. Es macht einfach richtig Spa\u00df.<\/p><p><strong>10 Was ist das Besondere an Kunert?<\/strong><br \/>Die Arbeitsatmosph\u00e4re ist extrem angenehm, meine Arbeit wird wertgesch\u00e4tzt.<\/p><p style=\"font-weight: 400;\"><strong>11 Was bietet Dir Kunert?<br \/><\/strong>Neben einem sicheren Arbeitsplatz, die M\u00f6glichkeit mich weiterzubilden Ich habe gerade erst eine Ausbildung zur Sicherheitsbeauftragten absolviert, das finde ich super. Dann haben wir hier die 35 Stunden Woche, ein Benefit-Programm, Handy App, Jobrad und zudem ist der Verdienst bei Kunert besser als in anderen Unternehmen.<\/p><p style=\"font-weight: 400;\"><strong>12 Bist Du aus der Region?<br \/><\/strong>Ja, ich wohne 6 Kilometer entfernt. Ich bin sehr heimatverbunden und kann mir nicht vorstellen, hier wegzugehen.<\/p><p style=\"font-weight: 400;\"><strong>13 Was w\u00fcrdest Du Schulabg\u00e4nger:innen auf der Suche nach einer Ausbildungsstelle empfehlen?<br \/><\/strong>Dass sie sich nicht davon abschrecken lassen sollen, ob ein Beruf eher ein \u201eM\u00e4nnerberuf\u201c ist. Man sollte das machen, worauf man Lust hat und wenn man seine Arbeit gut macht, dann wird man akzeptiert. Also keine Angst haben ist gut.<\/p><p><em><strong>Danke, Tamina f\u00fcr Deine Zeit und einen angenehmen Arbeitstag noch!<\/strong><\/em><\/p>\t\t\t\t\t\t\t\t<\/div>\n\t\t\t\t<\/div>\n\t\t\t\t\t<\/div>\n\t\t<\/div>\n\t\t\t\t\t<\/div>\n\t\t<\/section>\n\t\t\t\t<\/div>\n\t\t","protected":false},"excerpt":{"rendered":"<p>1 Wie alt bist Du Tamina? 21 2 Und welche Ausbildung hast Du gemacht? Ich bin Industriemechanikerin und habe die Ausbildung 2022 abgeschlossen. 3 Hast Du die Ausbildung auch schon bei Kunert gemacht Nein, meine Ausbildung habe ich am Fraunhofer Institut gemacht. Dort habe ich Forschungsmaschinen gewartet und auch Maschinenteile gefertigt. 4 War dies Deine &#8230; <a title=\"Interview mit Tamina Hilgert &#8211; Industriemechanikerin bei KUNERT Wellpappe\" class=\"read-more\" href=\"https:\/\/www.kunertwellpappe.de\/de\/interview-mit-tamina-hilgert-industriemechanikerin-bei-kunert-wellpappe\/\" aria-label=\"Mehr Informationen \u00fcber Interview mit Tamina Hilgert &#8211; Industriemechanikerin bei KUNERT Wellpappe\">Weiterlesen<\/a><\/p>\n","protected":false},"author":3,"featured_media":5375,"comment_status":"closed","ping_status":"open","sticky":false,"template":"","format":"standard","meta":{"_jf_save_progress":"","footnotes":""},"categories":[52],"tags":[],"class_list":["post-6190","post","type-post","status-publish","format-standard","has-post-thumbnail","hentry","category-interview"],"_links":{"self":[{"href":"https:\/\/www.kunertwellpappe.de\/de\/wp-json\/wp\/v2\/posts\/6190","targetHints":{"allow":["GET"]}}],"collection":[{"href":"https:\/\/www.kunertwellpappe.de\/de\/wp-json\/wp\/v2\/posts"}],"about":[{"href":"https:\/\/www.kunertwellpappe.de\/de\/wp-json\/wp\/v2\/types\/post"}],"author":[{"embeddable":true,"href":"https:\/\/www.kunertwellpappe.de\/de\/wp-json\/wp\/v2\/users\/3"}],"replies":[{"embeddable":true,"href":"https:\/\/www.kunertwellpappe.de\/de\/wp-json\/wp\/v2\/comments?post=6190"}],"version-history":[{"count":12,"href":"https:\/\/www.kunertwellpappe.de\/de\/wp-json\/wp\/v2\/posts\/6190\/revisions"}],"predecessor-version":[{"id":6242,"href":"https:\/\/www.kunertwellpappe.de\/de\/wp-json\/wp\/v2\/posts\/6190\/revisions\/6242"}],"wp:featuredmedia":[{"embeddable":true,"href":"https:\/\/www.kunertwellpappe.de\/de\/wp-json\/wp\/v2\/media\/5375"}],"wp:attachment":[{"href":"https:\/\/www.kunertwellpappe.de\/de\/wp-json\/wp\/v2\/media?parent=6190"}],"wp:term":[{"taxonomy":"category","embeddable":true,"href":"https:\/\/www.kunertwellpappe.de\/de\/wp-json\/wp\/v2\/categories?post=6190"},{"taxonomy":"post_tag","embeddable":true,"href":"https:\/\/www.kunertwellpappe.de\/de\/wp-json\/wp\/v2\/tags?post=6190"}],"curies":[{"name":"wp","href":"https:\/\/api.w.org\/{rel}","templated":true}]}}