{"id":6106,"date":"2024-03-28T13:40:16","date_gmt":"2024-03-28T12:40:16","guid":{"rendered":"https:\/\/www.kunertwellpappe.de\/de\/?p=6106"},"modified":"2024-03-28T13:40:16","modified_gmt":"2024-03-28T12:40:16","slug":"mainpost-zeitungsartikel-kunert-wellpappe-warum-der-mittelstaendler-trotz-globaler-krisen-bewusst-am-standort-bad-neustadt-investiert","status":"publish","type":"post","link":"https:\/\/www.kunertwellpappe.de\/de\/mainpost-zeitungsartikel-kunert-wellpappe-warum-der-mittelstaendler-trotz-globaler-krisen-bewusst-am-standort-bad-neustadt-investiert\/","title":{"rendered":"Mainpost-Zeitungsartikel: &#8222;Kunert Wellpappe: Warum der Mittelst\u00e4ndler trotz globaler Krisen bewusst am Standort Bad Neustadt investiert&#8220;"},"content":{"rendered":"<p>Wir freuen uns, dass ein Zeitungsartikel \u00fcber Kunert Wellpappe in der Mainpost ver\u00f6ffentlicht wurde!<\/p>\n<p>Unter dem Titel &#8222;Kunert Wellpappe: Warum der Mittelst\u00e4ndler trotz globaler Krisen bewusst am Standort Bad Neustadt investiert&#8220; wird unser Engagement f\u00fcr den Standort und unsere Mitarbeiter*innen hervorgehoben. Die gro\u00dfen Kr\u00e4ne, die derzeit \u00fcber unserem Werksgel\u00e4nde in Bad Neustadt stehen, symbolisieren unser Bekenntnis zur Weiterentwicklung und Modernisierung.<\/p>\n<p>Urspr\u00fcnglich plante Kunert Wellpappe lediglich den Austausch einer Produktionsmaschine, doch im Laufe der Planung f\u00fchrte eine Investition zur n\u00e4chsten. Nun stehen wir vor der Sanierung von rund zehn Prozent unserer Firmenfl\u00e4che, einschlie\u00dflich der Erneuerung von Dachfl\u00e4chen und der Verl\u00e4ngerung einer bestehenden Produktionshalle.<\/p>\n<p>Trotz globaler Herausforderungen halten wir an unserem Standort fest und investieren in die Zukunft. Wir sind stolz darauf, Teil einer nachhaltigen Branche zu sein und weiterhin hochwertige Verpackungsmaterialien zu produzieren, die Produkte sicher von A nach B transportieren.<\/p>\n<p>Wir m\u00f6chten auch betonen, wie wichtig es f\u00fcr uns ist, dass unsere Kunden in Deutschland bleiben und vor Ort investieren. Gemeinsam mit Gesellschaft und Politik streben wir nach einem starken Zusammenhalt, der uns allen zugutekommt.<\/p>\n<p>Wir danken der Mainpost f\u00fcr den informativen Artikel und freuen uns darauf, Sie \u00fcber die Fortschritte bei Kunert Wellpappe auf dem Laufenden zu halten!<\/p>\n<p>Hier k\u00f6nnen Sie den kompletten Artikel lesen:<br \/>\n<a href=\"http:\/\/www.mainpost.de\/11433249\" target=\"_blank\" rel=\"noopener\">www.mainpost.de\/11433249<\/a><\/p>\n<p>Bericht von von Ines Renninger I <time datetime=\"27.03.2024\">27.03.2024<\/time><span class=\"edited\">\u00a0|<\/span><\/p>\n","protected":false},"excerpt":{"rendered":"<p>Wir freuen uns, dass ein Zeitungsartikel \u00fcber Kunert Wellpappe in der Mainpost ver\u00f6ffentlicht wurde! Unter dem Titel &#8222;Kunert Wellpappe: Warum der Mittelst\u00e4ndler trotz globaler Krisen bewusst am Standort Bad Neustadt investiert&#8220; wird unser Engagement f\u00fcr den Standort und unsere Mitarbeiter*innen hervorgehoben. Die gro\u00dfen Kr\u00e4ne, die derzeit \u00fcber unserem Werksgel\u00e4nde in Bad Neustadt stehen, symbolisieren unser &#8230; <a title=\"Mainpost-Zeitungsartikel: &#8222;Kunert Wellpappe: Warum der Mittelst\u00e4ndler trotz globaler Krisen bewusst am Standort Bad Neustadt investiert&#8220;\" class=\"read-more\" href=\"https:\/\/www.kunertwellpappe.de\/de\/mainpost-zeitungsartikel-kunert-wellpappe-warum-der-mittelstaendler-trotz-globaler-krisen-bewusst-am-standort-bad-neustadt-investiert\/\" aria-label=\"Mehr Informationen \u00fcber Mainpost-Zeitungsartikel: &#8222;Kunert Wellpappe: Warum der Mittelst\u00e4ndler trotz globaler Krisen bewusst am Standort Bad Neustadt investiert&#8220;\">Weiterlesen<\/a><\/p>\n","protected":false},"author":3,"featured_media":6107,"comment_status":"closed","ping_status":"open","sticky":false,"template":"","format":"standard","meta":{"_jf_save_progress":"","footnotes":""},"categories":[14],"tags":[],"class_list":["post-6106","post","type-post","status-publish","format-standard","has-post-thumbnail","hentry","category-pressemitteilung"],"_links":{"self":[{"href":"https:\/\/www.kunertwellpappe.de\/de\/wp-json\/wp\/v2\/posts\/6106","targetHints":{"allow":["GET"]}}],"collection":[{"href":"https:\/\/www.kunertwellpappe.de\/de\/wp-json\/wp\/v2\/posts"}],"about":[{"href":"https:\/\/www.kunertwellpappe.de\/de\/wp-json\/wp\/v2\/types\/post"}],"author":[{"embeddable":true,"href":"https:\/\/www.kunertwellpappe.de\/de\/wp-json\/wp\/v2\/users\/3"}],"replies":[{"embeddable":true,"href":"https:\/\/www.kunertwellpappe.de\/de\/wp-json\/wp\/v2\/comments?post=6106"}],"version-history":[{"count":1,"href":"https:\/\/www.kunertwellpappe.de\/de\/wp-json\/wp\/v2\/posts\/6106\/revisions"}],"predecessor-version":[{"id":6108,"href":"https:\/\/www.kunertwellpappe.de\/de\/wp-json\/wp\/v2\/posts\/6106\/revisions\/6108"}],"wp:featuredmedia":[{"embeddable":true,"href":"https:\/\/www.kunertwellpappe.de\/de\/wp-json\/wp\/v2\/media\/6107"}],"wp:attachment":[{"href":"https:\/\/www.kunertwellpappe.de\/de\/wp-json\/wp\/v2\/media?parent=6106"}],"wp:term":[{"taxonomy":"category","embeddable":true,"href":"https:\/\/www.kunertwellpappe.de\/de\/wp-json\/wp\/v2\/categories?post=6106"},{"taxonomy":"post_tag","embeddable":true,"href":"https:\/\/www.kunertwellpappe.de\/de\/wp-json\/wp\/v2\/tags?post=6106"}],"curies":[{"name":"wp","href":"https:\/\/api.w.org\/{rel}","templated":true}]}}