{"id":5313,"date":"2023-12-15T11:24:31","date_gmt":"2023-12-15T10:24:31","guid":{"rendered":"https:\/\/www.kunertwellpappe.de\/de\/?p=5313"},"modified":"2023-12-15T11:25:37","modified_gmt":"2023-12-15T10:25:37","slug":"die-drohenden-folgen-der-eu-verpackungsverordnung","status":"publish","type":"post","link":"https:\/\/www.kunertwellpappe.de\/de\/die-drohenden-folgen-der-eu-verpackungsverordnung\/","title":{"rendered":"Die drohenden Folgen der EU-Verpackungsverordnung"},"content":{"rendered":"\t\t<div data-elementor-type=\"wp-post\" data-elementor-id=\"5313\" class=\"elementor elementor-5313\" data-elementor-settings=\"{&quot;element_pack_global_tooltip_width&quot;:{&quot;unit&quot;:&quot;px&quot;,&quot;size&quot;:&quot;&quot;,&quot;sizes&quot;:[]},&quot;element_pack_global_tooltip_width_tablet&quot;:{&quot;unit&quot;:&quot;px&quot;,&quot;size&quot;:&quot;&quot;,&quot;sizes&quot;:[]},&quot;element_pack_global_tooltip_width_mobile&quot;:{&quot;unit&quot;:&quot;px&quot;,&quot;size&quot;:&quot;&quot;,&quot;sizes&quot;:[]},&quot;element_pack_global_tooltip_padding&quot;:{&quot;unit&quot;:&quot;px&quot;,&quot;top&quot;:&quot;&quot;,&quot;right&quot;:&quot;&quot;,&quot;bottom&quot;:&quot;&quot;,&quot;left&quot;:&quot;&quot;,&quot;isLinked&quot;:true},&quot;element_pack_global_tooltip_padding_tablet&quot;:{&quot;unit&quot;:&quot;px&quot;,&quot;top&quot;:&quot;&quot;,&quot;right&quot;:&quot;&quot;,&quot;bottom&quot;:&quot;&quot;,&quot;left&quot;:&quot;&quot;,&quot;isLinked&quot;:true},&quot;element_pack_global_tooltip_padding_mobile&quot;:{&quot;unit&quot;:&quot;px&quot;,&quot;top&quot;:&quot;&quot;,&quot;right&quot;:&quot;&quot;,&quot;bottom&quot;:&quot;&quot;,&quot;left&quot;:&quot;&quot;,&quot;isLinked&quot;:true},&quot;element_pack_global_tooltip_border_radius&quot;:{&quot;unit&quot;:&quot;px&quot;,&quot;top&quot;:&quot;&quot;,&quot;right&quot;:&quot;&quot;,&quot;bottom&quot;:&quot;&quot;,&quot;left&quot;:&quot;&quot;,&quot;isLinked&quot;:true},&quot;element_pack_global_tooltip_border_radius_tablet&quot;:{&quot;unit&quot;:&quot;px&quot;,&quot;top&quot;:&quot;&quot;,&quot;right&quot;:&quot;&quot;,&quot;bottom&quot;:&quot;&quot;,&quot;left&quot;:&quot;&quot;,&quot;isLinked&quot;:true},&quot;element_pack_global_tooltip_border_radius_mobile&quot;:{&quot;unit&quot;:&quot;px&quot;,&quot;top&quot;:&quot;&quot;,&quot;right&quot;:&quot;&quot;,&quot;bottom&quot;:&quot;&quot;,&quot;left&quot;:&quot;&quot;,&quot;isLinked&quot;:true}}\" data-elementor-post-type=\"post\">\n\t\t\t\t\t\t<section class=\"elementor-section elementor-top-section elementor-element elementor-element-649bce95 elementor-section-boxed elementor-section-height-default elementor-section-height-default\" data-id=\"649bce95\" data-element_type=\"section\" data-e-type=\"section\" data-settings=\"{&quot;jet_parallax_layout_list&quot;:[]}\">\n\t\t\t\t\t\t<div class=\"elementor-container elementor-column-gap-default\">\n\t\t\t\t\t<div class=\"elementor-column elementor-col-100 elementor-top-column elementor-element elementor-element-3b8bd6c2\" data-id=\"3b8bd6c2\" data-element_type=\"column\" data-e-type=\"column\">\n\t\t\t<div class=\"elementor-widget-wrap elementor-element-populated\">\n\t\t\t\t\t\t<div class=\"elementor-element elementor-element-61e51a5c elementor-widget elementor-widget-text-editor\" data-id=\"61e51a5c\" data-element_type=\"widget\" data-e-type=\"widget\" data-widget_type=\"text-editor.default\">\n\t\t\t\t<div class=\"elementor-widget-container\">\n\t\t\t\t\t\t\t\t\t<p><strong>Gro\u00dfe Entscheidungen bringen Ver\u00e4nderungen. Aber sie k\u00f6nnen auch negative Folgen nach sich ziehen.<\/strong><\/p><p><strong>Was also kommt auf uns zu, wenn die von der Europ\u00e4ischen Kommission geplante Mehrwegquote f\u00fcr Transport- und E-Commerce-Verpackungen tats\u00e4chlich beschlossen wird?<br \/><\/strong><br \/>11 Prozent mehr Kunststoff, 80 Prozent mehr ben\u00f6tigte Lagerfl\u00e4che, 200 Prozent mehr Transportkilometer und bis zu 400 Prozent h\u00f6here Kosten f\u00fcr Packmittel k\u00f6nnten 2040 allein in Deutschland die Folgen sein. Zu diesen Ergebnissen kommt eine Studie der Gesellschaft f\u00fcr Verpackungsmarktforschung (GVM). Grundlegendes Fazit der GVM: Es h\u00e4tte erhebliche negative Effekte, aber nur einen vergleichsweise geringen Nutzen, wenn die im Entwurf vorgesehene Quotierung in diesen Bereichen ab 2030 wirksam w\u00fcrde. Weil diese drohenden Konsequenzen der PPWR im Widerspruch zu den Nachhaltigkeitszielen der EU stehen, macht sich die Wellpappenindustrie gegen diese Entscheidung stark!<\/p><p>\u00a0<\/p><p>\u00a0<\/p>\t\t\t\t\t\t\t\t<\/div>\n\t\t\t\t<\/div>\n\t\t\t\t<div class=\"elementor-element elementor-element-323b2d8 elementor-widget elementor-widget-video\" data-id=\"323b2d8\" data-element_type=\"widget\" data-e-type=\"widget\" data-settings=\"{&quot;youtube_url&quot;:&quot;https:\\\/\\\/www.youtube.com\\\/watch?v=qumT-clp9B8&quot;,&quot;autoplay&quot;:&quot;yes&quot;,&quot;video_type&quot;:&quot;youtube&quot;,&quot;controls&quot;:&quot;yes&quot;}\" data-widget_type=\"video.default\">\n\t\t\t\t<div class=\"elementor-widget-container\">\n\t\t\t\t\t\t\t<div class=\"elementor-wrapper elementor-open-inline\">\n\t\t\t<div class=\"elementor-video\"><\/div>\t\t<\/div>\n\t\t\t\t\t\t<\/div>\n\t\t\t\t<\/div>\n\t\t\t\t\t<\/div>\n\t\t<\/div>\n\t\t\t\t\t<\/div>\n\t\t<\/section>\n\t\t\t\t<\/div>\n\t\t","protected":false},"excerpt":{"rendered":"<p>Gro\u00dfe Entscheidungen bringen Ver\u00e4nderungen. Aber sie k\u00f6nnen auch negative Folgen nach sich ziehen. Was also kommt auf uns zu, wenn die von der Europ\u00e4ischen Kommission geplante Mehrwegquote f\u00fcr Transport- und E-Commerce-Verpackungen tats\u00e4chlich beschlossen wird?11 Prozent mehr Kunststoff, 80 Prozent mehr ben\u00f6tigte Lagerfl\u00e4che, 200 Prozent mehr Transportkilometer und bis zu 400 Prozent h\u00f6here Kosten f\u00fcr Packmittel &#8230; <a title=\"Die drohenden Folgen der EU-Verpackungsverordnung\" class=\"read-more\" href=\"https:\/\/www.kunertwellpappe.de\/de\/die-drohenden-folgen-der-eu-verpackungsverordnung\/\" aria-label=\"Mehr Informationen \u00fcber Die drohenden Folgen der EU-Verpackungsverordnung\">Weiterlesen<\/a><\/p>\n","protected":false},"author":3,"featured_media":5314,"comment_status":"closed","ping_status":"open","sticky":false,"template":"","format":"standard","meta":{"_jf_save_progress":"","footnotes":""},"categories":[38],"tags":[],"class_list":["post-5313","post","type-post","status-publish","format-standard","has-post-thumbnail","hentry","category-nachhaltigkeit"],"_links":{"self":[{"href":"https:\/\/www.kunertwellpappe.de\/de\/wp-json\/wp\/v2\/posts\/5313","targetHints":{"allow":["GET"]}}],"collection":[{"href":"https:\/\/www.kunertwellpappe.de\/de\/wp-json\/wp\/v2\/posts"}],"about":[{"href":"https:\/\/www.kunertwellpappe.de\/de\/wp-json\/wp\/v2\/types\/post"}],"author":[{"embeddable":true,"href":"https:\/\/www.kunertwellpappe.de\/de\/wp-json\/wp\/v2\/users\/3"}],"replies":[{"embeddable":true,"href":"https:\/\/www.kunertwellpappe.de\/de\/wp-json\/wp\/v2\/comments?post=5313"}],"version-history":[{"count":4,"href":"https:\/\/www.kunertwellpappe.de\/de\/wp-json\/wp\/v2\/posts\/5313\/revisions"}],"predecessor-version":[{"id":5321,"href":"https:\/\/www.kunertwellpappe.de\/de\/wp-json\/wp\/v2\/posts\/5313\/revisions\/5321"}],"wp:featuredmedia":[{"embeddable":true,"href":"https:\/\/www.kunertwellpappe.de\/de\/wp-json\/wp\/v2\/media\/5314"}],"wp:attachment":[{"href":"https:\/\/www.kunertwellpappe.de\/de\/wp-json\/wp\/v2\/media?parent=5313"}],"wp:term":[{"taxonomy":"category","embeddable":true,"href":"https:\/\/www.kunertwellpappe.de\/de\/wp-json\/wp\/v2\/categories?post=5313"},{"taxonomy":"post_tag","embeddable":true,"href":"https:\/\/www.kunertwellpappe.de\/de\/wp-json\/wp\/v2\/tags?post=5313"}],"curies":[{"name":"wp","href":"https:\/\/api.w.org\/{rel}","templated":true}]}}