{"id":4843,"date":"2023-08-17T16:33:50","date_gmt":"2023-08-17T14:33:50","guid":{"rendered":"https:\/\/www.kunertwellpappe.de\/de\/?p=4843"},"modified":"2023-09-14T09:36:33","modified_gmt":"2023-09-14T07:36:33","slug":"vdw-infoschreiben-zu-den-konsequenzen-der-eu-verpackungsordnung","status":"publish","type":"post","link":"https:\/\/www.kunertwellpappe.de\/de\/vdw-infoschreiben-zu-den-konsequenzen-der-eu-verpackungsordnung\/","title":{"rendered":"VDW Infoschreiben zu den Konsequenzen der neuen EU-Verpackungsordnung"},"content":{"rendered":"\t\t<div data-elementor-type=\"wp-post\" data-elementor-id=\"4843\" class=\"elementor elementor-4843\" data-elementor-settings=\"{&quot;element_pack_global_tooltip_width&quot;:{&quot;unit&quot;:&quot;px&quot;,&quot;size&quot;:&quot;&quot;,&quot;sizes&quot;:[]},&quot;element_pack_global_tooltip_width_tablet&quot;:{&quot;unit&quot;:&quot;px&quot;,&quot;size&quot;:&quot;&quot;,&quot;sizes&quot;:[]},&quot;element_pack_global_tooltip_width_mobile&quot;:{&quot;unit&quot;:&quot;px&quot;,&quot;size&quot;:&quot;&quot;,&quot;sizes&quot;:[]},&quot;element_pack_global_tooltip_padding&quot;:{&quot;unit&quot;:&quot;px&quot;,&quot;top&quot;:&quot;&quot;,&quot;right&quot;:&quot;&quot;,&quot;bottom&quot;:&quot;&quot;,&quot;left&quot;:&quot;&quot;,&quot;isLinked&quot;:true},&quot;element_pack_global_tooltip_padding_tablet&quot;:{&quot;unit&quot;:&quot;px&quot;,&quot;top&quot;:&quot;&quot;,&quot;right&quot;:&quot;&quot;,&quot;bottom&quot;:&quot;&quot;,&quot;left&quot;:&quot;&quot;,&quot;isLinked&quot;:true},&quot;element_pack_global_tooltip_padding_mobile&quot;:{&quot;unit&quot;:&quot;px&quot;,&quot;top&quot;:&quot;&quot;,&quot;right&quot;:&quot;&quot;,&quot;bottom&quot;:&quot;&quot;,&quot;left&quot;:&quot;&quot;,&quot;isLinked&quot;:true},&quot;element_pack_global_tooltip_border_radius&quot;:{&quot;unit&quot;:&quot;px&quot;,&quot;top&quot;:&quot;&quot;,&quot;right&quot;:&quot;&quot;,&quot;bottom&quot;:&quot;&quot;,&quot;left&quot;:&quot;&quot;,&quot;isLinked&quot;:true},&quot;element_pack_global_tooltip_border_radius_tablet&quot;:{&quot;unit&quot;:&quot;px&quot;,&quot;top&quot;:&quot;&quot;,&quot;right&quot;:&quot;&quot;,&quot;bottom&quot;:&quot;&quot;,&quot;left&quot;:&quot;&quot;,&quot;isLinked&quot;:true},&quot;element_pack_global_tooltip_border_radius_mobile&quot;:{&quot;unit&quot;:&quot;px&quot;,&quot;top&quot;:&quot;&quot;,&quot;right&quot;:&quot;&quot;,&quot;bottom&quot;:&quot;&quot;,&quot;left&quot;:&quot;&quot;,&quot;isLinked&quot;:true}}\" data-elementor-post-type=\"post\">\n\t\t\t\t\t\t<section class=\"elementor-section elementor-top-section elementor-element elementor-element-79ff37ac elementor-section-boxed elementor-section-height-default elementor-section-height-default\" data-id=\"79ff37ac\" data-element_type=\"section\" data-e-type=\"section\" data-settings=\"{&quot;jet_parallax_layout_list&quot;:[]}\">\n\t\t\t\t\t\t<div class=\"elementor-container elementor-column-gap-default\">\n\t\t\t\t\t<div class=\"elementor-column elementor-col-100 elementor-top-column elementor-element elementor-element-e0c2859\" data-id=\"e0c2859\" data-element_type=\"column\" data-e-type=\"column\">\n\t\t\t<div class=\"elementor-widget-wrap elementor-element-populated\">\n\t\t\t\t\t\t<div class=\"elementor-element elementor-element-21855ce5 elementor-widget elementor-widget-text-editor\" data-id=\"21855ce5\" data-element_type=\"widget\" data-e-type=\"widget\" data-widget_type=\"text-editor.default\">\n\t\t\t\t<div class=\"elementor-widget-container\">\n\t\t\t\t\t\t\t\t\t<p><strong>Transportverpackungen:<\/strong><\/p><p>-&gt; Unternehmen d\u00fcrfen <strong>ab 2030 gro\u00dfe Haushaltsger\u00e4te zu 90% nur noch in wiederverwendbaren\u00a0Transportverpackungen verkaufen<\/strong>.<br \/><br \/><\/p><p>-&gt; Auch sollen Transportverpackungen, mit denen Wirtschaftsakteure Produkte zwischen verschiedenen Standorten bef\u00f6rdern oder an andere Wirtschaftsakteure innerhalb Deutschlands liefern, k\u00fcnftig wiederverwendbar sein. Bislang sind Papier, Pappe oder Kartonverpackungen (PPK) von dieser Mehrwegpflicht ausgenommen. Allerdings wird im EU-Partament sowie im Ministerrat diskutiert, ob die von der Kommission vorgeschlagenen Ausnahmen f\u00fcr PPK-Verpackungen aufgehoben werden sollen.<br \/><br \/><\/p><p><strong>E Commerce-Verpackungen:<\/strong> Ab 2030 m\u00fcssen 10% und ab 2040 sogar 50% aller Verpackungen im Online-Versandhandel Mehrwegverpackungen sein.<br \/><br \/><\/p><p><strong>Umverpackungen:<\/strong> Ab 2030 m\u00fcssen 10% und ab 2040 25% alter Umverpackungen in Form von Kisten Mehrwegl\u00f6sungen sein, Transportverpackungen auf Kartonbasis sind zwar gem\u00e4\u00df dem Kommissionsvorschlag hlervon ausgenommen. Allerdings wrd auch diese Ausnahme im EU-\u00a0Parlament und im Ministerrat in Frage gestellt.<br \/><br \/><\/p><p><strong>Obst- und Gem\u00fcsestelgen:<\/strong> Einwegverpackungen f\u00fcr frisches Obst und Gem\u00fcse mit einem\u00a0Gewicht von unter 1,5 kg sollen komplett verboten werden.<\/p>\t\t\t\t\t\t\t\t<\/div>\n\t\t\t\t<\/div>\n\t\t\t\t\t<\/div>\n\t\t<\/div>\n\t\t\t\t\t<\/div>\n\t\t<\/section>\n\t\t\t\t<section class=\"elementor-section elementor-top-section elementor-element elementor-element-f3a15c3 elementor-section-boxed elementor-section-height-default elementor-section-height-default\" data-id=\"f3a15c3\" data-element_type=\"section\" data-e-type=\"section\" data-settings=\"{&quot;jet_parallax_layout_list&quot;:[]}\">\n\t\t\t\t\t\t<div class=\"elementor-container elementor-column-gap-default\">\n\t\t\t\t\t<div class=\"elementor-column elementor-col-100 elementor-top-column elementor-element elementor-element-d7c9df9\" data-id=\"d7c9df9\" data-element_type=\"column\" data-e-type=\"column\">\n\t\t\t<div class=\"elementor-widget-wrap elementor-element-populated\">\n\t\t\t\t\t\t<div class=\"elementor-element elementor-element-9188e6f elementor-widget elementor-widget-heading\" data-id=\"9188e6f\" data-element_type=\"widget\" data-e-type=\"widget\" data-widget_type=\"heading.default\">\n\t\t\t\t<div class=\"elementor-widget-container\">\n\t\t\t\t\t<h2 class=\"elementor-heading-title elementor-size-default\">Die FEFCO beleuchtet Verpackungsl\u00f6sungen aus reyclebarer Wellpappe im Vergleich mit wiederverwendbaren Plastikkisten aus unterschiedlichen Blickwinkel: <br><\/h2>\t\t\t\t<\/div>\n\t\t\t\t<\/div>\n\t\t\t\t<div class=\"elementor-element elementor-element-a32a99b elementor-widget elementor-widget-video\" data-id=\"a32a99b\" data-element_type=\"widget\" data-e-type=\"widget\" data-settings=\"{&quot;youtube_url&quot;:&quot;https:\\\/\\\/www.youtube.com\\\/watch?v=hbPCfNl0dv0&quot;,&quot;video_type&quot;:&quot;youtube&quot;,&quot;controls&quot;:&quot;yes&quot;}\" data-widget_type=\"video.default\">\n\t\t\t\t<div class=\"elementor-widget-container\">\n\t\t\t\t\t\t\t<div class=\"elementor-wrapper elementor-open-inline\">\n\t\t\t<div class=\"elementor-video\"><\/div>\t\t<\/div>\n\t\t\t\t\t\t<\/div>\n\t\t\t\t<\/div>\n\t\t\t\t\t<\/div>\n\t\t<\/div>\n\t\t\t\t\t<\/div>\n\t\t<\/section>\n\t\t\t\t<\/div>\n\t\t","protected":false},"excerpt":{"rendered":"<p>Transportverpackungen: -&gt; Unternehmen d\u00fcrfen ab 2030 gro\u00dfe Haushaltsger\u00e4te zu 90% nur noch in wiederverwendbaren\u00a0Transportverpackungen verkaufen. -&gt; Auch sollen Transportverpackungen, mit denen Wirtschaftsakteure Produkte zwischen verschiedenen Standorten bef\u00f6rdern oder an andere Wirtschaftsakteure innerhalb Deutschlands liefern, k\u00fcnftig wiederverwendbar sein. Bislang sind Papier, Pappe oder Kartonverpackungen (PPK) von dieser Mehrwegpflicht ausgenommen. Allerdings wird im EU-Partament sowie im Ministerrat &#8230; <a title=\"VDW Infoschreiben zu den Konsequenzen der neuen EU-Verpackungsordnung\" class=\"read-more\" href=\"https:\/\/www.kunertwellpappe.de\/de\/vdw-infoschreiben-zu-den-konsequenzen-der-eu-verpackungsordnung\/\" aria-label=\"Mehr Informationen \u00fcber VDW Infoschreiben zu den Konsequenzen der neuen EU-Verpackungsordnung\">Weiterlesen<\/a><\/p>\n","protected":false},"author":3,"featured_media":4901,"comment_status":"closed","ping_status":"open","sticky":false,"template":"","format":"standard","meta":{"_jf_save_progress":"","footnotes":""},"categories":[1],"tags":[],"class_list":["post-4843","post","type-post","status-publish","format-standard","has-post-thumbnail","hentry","category-allgemein"],"_links":{"self":[{"href":"https:\/\/www.kunertwellpappe.de\/de\/wp-json\/wp\/v2\/posts\/4843","targetHints":{"allow":["GET"]}}],"collection":[{"href":"https:\/\/www.kunertwellpappe.de\/de\/wp-json\/wp\/v2\/posts"}],"about":[{"href":"https:\/\/www.kunertwellpappe.de\/de\/wp-json\/wp\/v2\/types\/post"}],"author":[{"embeddable":true,"href":"https:\/\/www.kunertwellpappe.de\/de\/wp-json\/wp\/v2\/users\/3"}],"replies":[{"embeddable":true,"href":"https:\/\/www.kunertwellpappe.de\/de\/wp-json\/wp\/v2\/comments?post=4843"}],"version-history":[{"count":13,"href":"https:\/\/www.kunertwellpappe.de\/de\/wp-json\/wp\/v2\/posts\/4843\/revisions"}],"predecessor-version":[{"id":4909,"href":"https:\/\/www.kunertwellpappe.de\/de\/wp-json\/wp\/v2\/posts\/4843\/revisions\/4909"}],"wp:featuredmedia":[{"embeddable":true,"href":"https:\/\/www.kunertwellpappe.de\/de\/wp-json\/wp\/v2\/media\/4901"}],"wp:attachment":[{"href":"https:\/\/www.kunertwellpappe.de\/de\/wp-json\/wp\/v2\/media?parent=4843"}],"wp:term":[{"taxonomy":"category","embeddable":true,"href":"https:\/\/www.kunertwellpappe.de\/de\/wp-json\/wp\/v2\/categories?post=4843"},{"taxonomy":"post_tag","embeddable":true,"href":"https:\/\/www.kunertwellpappe.de\/de\/wp-json\/wp\/v2\/tags?post=4843"}],"curies":[{"name":"wp","href":"https:\/\/api.w.org\/{rel}","templated":true}]}}