{"id":4774,"date":"2023-06-16T12:50:11","date_gmt":"2023-06-16T10:50:11","guid":{"rendered":"https:\/\/www.kunertwellpappe.de\/de\/?p=4774"},"modified":"2023-06-16T12:50:11","modified_gmt":"2023-06-16T10:50:11","slug":"trusted-partners","status":"publish","type":"post","link":"https:\/\/www.kunertwellpappe.de\/de\/trusted-partners\/","title":{"rendered":"Trusted Partners"},"content":{"rendered":"<p style=\"font-weight: 400;\">Gemeinsam mit der Geis Gruppe ist die Kunert Gruppe 2020 eine neue, zukunftsorientierte Logistikpartnerschaft eingegangen, welche sich als gro\u00dfer Erfolg erwiesen hat.<\/p>\n<p style=\"font-weight: 400;\">Geis wickelt t\u00e4glich mehr als 250 Teil- und Komplettladungen ab. Seit 2021 wird dieses Projekt nun in enger Zusammenarbeit mit dem Logistikunternehmen umgesetzt.<\/p>\n<p style=\"font-weight: 400;\">Sowohl die Disponierung aller Werke im Ein- sowie Ausgang als auch das komplette Transportvolumen (exklusive Luft- und Seefracht sowie Spezialtransporte) verantwortet die Geis Gruppe.<\/p>\n<p style=\"font-weight: 400;\">Die Niederlassung des Transportunternehmens in Eichenzell fungiert hierbei als operative Schaltzentrale. Das Team erh\u00e4lt Frachtauftr\u00e4ge aller Werke direkt aus dem ERP-System von Kunert und \u00fcbernimmt die Disposition der Frachten in Kombination mit dem Ladungsvolumen von Geis. Um dies zu realisieren, werden eigene Fahrzeugkapazit\u00e4ten f\u00fcr das Projekt eingesetzt und bisher um mehr als 70 Einheiten erweitert.<\/p>\n<p style=\"font-weight: 400;\">Seitdem entwickelt sich das Projekt stetig weiter \u2013 im Juli 2022 folgte die \u00dcbernahme unseres Schwesterwerkes in Biebesheim am Rhein und im Januar diesen Jahres konnte die H\u00fclsenfabrik Graupner in Raschau aufgeschalten werden.<\/p>\n<p style=\"font-weight: 400;\">Ganz im Sinne des Innovations- und Nachhaltigkeitsgedankens werden immer mehr 14,90m-Langauflieger zur CO2-Reduzierung eingesetzt. Unser gemeinsames Ziel ist es, die Umstellung der Fahrzeuge immer weiter voranzutreiben.<\/p>\n","protected":false},"excerpt":{"rendered":"<p>Gemeinsam mit der Geis Gruppe ist die Kunert Gruppe 2020 eine neue, zukunftsorientierte Logistikpartnerschaft eingegangen, welche sich als gro\u00dfer Erfolg erwiesen hat. Geis wickelt t\u00e4glich mehr als 250 Teil- und Komplettladungen ab. Seit 2021 wird dieses Projekt nun in enger Zusammenarbeit mit dem Logistikunternehmen umgesetzt. Sowohl die Disponierung aller Werke im Ein- sowie Ausgang als &#8230; <a title=\"Trusted Partners\" class=\"read-more\" href=\"https:\/\/www.kunertwellpappe.de\/de\/trusted-partners\/\" aria-label=\"Mehr Informationen \u00fcber Trusted Partners\">Weiterlesen<\/a><\/p>\n","protected":false},"author":3,"featured_media":4702,"comment_status":"closed","ping_status":"open","sticky":false,"template":"","format":"standard","meta":{"_jf_save_progress":"","footnotes":""},"categories":[39],"tags":[],"class_list":["post-4774","post","type-post","status-publish","format-standard","has-post-thumbnail","hentry","category-logistik"],"_links":{"self":[{"href":"https:\/\/www.kunertwellpappe.de\/de\/wp-json\/wp\/v2\/posts\/4774","targetHints":{"allow":["GET"]}}],"collection":[{"href":"https:\/\/www.kunertwellpappe.de\/de\/wp-json\/wp\/v2\/posts"}],"about":[{"href":"https:\/\/www.kunertwellpappe.de\/de\/wp-json\/wp\/v2\/types\/post"}],"author":[{"embeddable":true,"href":"https:\/\/www.kunertwellpappe.de\/de\/wp-json\/wp\/v2\/users\/3"}],"replies":[{"embeddable":true,"href":"https:\/\/www.kunertwellpappe.de\/de\/wp-json\/wp\/v2\/comments?post=4774"}],"version-history":[{"count":2,"href":"https:\/\/www.kunertwellpappe.de\/de\/wp-json\/wp\/v2\/posts\/4774\/revisions"}],"predecessor-version":[{"id":4776,"href":"https:\/\/www.kunertwellpappe.de\/de\/wp-json\/wp\/v2\/posts\/4774\/revisions\/4776"}],"wp:featuredmedia":[{"embeddable":true,"href":"https:\/\/www.kunertwellpappe.de\/de\/wp-json\/wp\/v2\/media\/4702"}],"wp:attachment":[{"href":"https:\/\/www.kunertwellpappe.de\/de\/wp-json\/wp\/v2\/media?parent=4774"}],"wp:term":[{"taxonomy":"category","embeddable":true,"href":"https:\/\/www.kunertwellpappe.de\/de\/wp-json\/wp\/v2\/categories?post=4774"},{"taxonomy":"post_tag","embeddable":true,"href":"https:\/\/www.kunertwellpappe.de\/de\/wp-json\/wp\/v2\/tags?post=4774"}],"curies":[{"name":"wp","href":"https:\/\/api.w.org\/{rel}","templated":true}]}}