{"id":4271,"date":"2022-07-01T09:00:38","date_gmt":"2022-07-01T07:00:38","guid":{"rendered":"https:\/\/www.kunertwellpappe.de\/de\/?p=4271"},"modified":"2022-07-01T09:00:38","modified_gmt":"2022-07-01T07:00:38","slug":"kunert-wellpappe-auf-der-fachpack-2022","status":"publish","type":"post","link":"https:\/\/www.kunertwellpappe.de\/de\/kunert-wellpappe-auf-der-fachpack-2022\/","title":{"rendered":"Kunert Wellpappe auf der FACHPACK 2022"},"content":{"rendered":"<p>Wir freuen uns sehr, in diesem Jahr wieder als Aussteller auf der <strong>FACHPACK &#8211; der europ\u00e4ischen Fachmesse f\u00fcr Verpackung, Technik und Prozesse \u00a0vom\u00a027. &#8211; 29. September 2022\u00a0<\/strong>&#8211; pr\u00e4sent zu sein.<\/p>\n<p>Das diesj\u00e4hrige Leitthema ist\u00a0&#8222;<strong>Transition in packaging&#8220;<\/strong>\u00a0und verspricht vielf\u00e4ltigen, zukunftsweisenden Inhalt. Die Themen Nachhaltigkeit, Kreislaufwirtschaft, Digitalisierung und E-Commerce der Messe besch\u00e4ftigen auch unser Team t\u00e4glich mit dem Ziel, die perfekte Verpackung f\u00fcr Ihre Produkt zu entwickeln.<br \/>\nGerne stellen wir Ihnen unsere L\u00f6sungen vor Ort pers\u00f6nlich vor &#8211; Besuchen Sie uns in Halle 9-348<\/p>\n<p>Packen wir&#8217;s an &#8211; wir freuen uns auf Sie!<\/p>\n","protected":false},"excerpt":{"rendered":"<p>Wir freuen uns sehr, in diesem Jahr wieder als Aussteller auf der FACHPACK &#8211; der europ\u00e4ischen Fachmesse f\u00fcr Verpackung, Technik und Prozesse \u00a0vom\u00a027. &#8211; 29. September 2022\u00a0&#8211; pr\u00e4sent zu sein. Das diesj\u00e4hrige Leitthema ist\u00a0&#8222;Transition in packaging&#8220;\u00a0und verspricht vielf\u00e4ltigen, zukunftsweisenden Inhalt. Die Themen Nachhaltigkeit, Kreislaufwirtschaft, Digitalisierung und E-Commerce der Messe besch\u00e4ftigen auch unser Team t\u00e4glich mit &#8230; <a title=\"Kunert Wellpappe auf der FACHPACK 2022\" class=\"read-more\" href=\"https:\/\/www.kunertwellpappe.de\/de\/kunert-wellpappe-auf-der-fachpack-2022\/\" aria-label=\"Mehr Informationen \u00fcber Kunert Wellpappe auf der FACHPACK 2022\">Weiterlesen<\/a><\/p>\n","protected":false},"author":3,"featured_media":4257,"comment_status":"closed","ping_status":"open","sticky":false,"template":"","format":"standard","meta":{"_jf_save_progress":"","footnotes":""},"categories":[19],"tags":[],"class_list":["post-4271","post","type-post","status-publish","format-standard","has-post-thumbnail","hentry","category-messe"],"_links":{"self":[{"href":"https:\/\/www.kunertwellpappe.de\/de\/wp-json\/wp\/v2\/posts\/4271","targetHints":{"allow":["GET"]}}],"collection":[{"href":"https:\/\/www.kunertwellpappe.de\/de\/wp-json\/wp\/v2\/posts"}],"about":[{"href":"https:\/\/www.kunertwellpappe.de\/de\/wp-json\/wp\/v2\/types\/post"}],"author":[{"embeddable":true,"href":"https:\/\/www.kunertwellpappe.de\/de\/wp-json\/wp\/v2\/users\/3"}],"replies":[{"embeddable":true,"href":"https:\/\/www.kunertwellpappe.de\/de\/wp-json\/wp\/v2\/comments?post=4271"}],"version-history":[{"count":2,"href":"https:\/\/www.kunertwellpappe.de\/de\/wp-json\/wp\/v2\/posts\/4271\/revisions"}],"predecessor-version":[{"id":4273,"href":"https:\/\/www.kunertwellpappe.de\/de\/wp-json\/wp\/v2\/posts\/4271\/revisions\/4273"}],"wp:featuredmedia":[{"embeddable":true,"href":"https:\/\/www.kunertwellpappe.de\/de\/wp-json\/wp\/v2\/media\/4257"}],"wp:attachment":[{"href":"https:\/\/www.kunertwellpappe.de\/de\/wp-json\/wp\/v2\/media?parent=4271"}],"wp:term":[{"taxonomy":"category","embeddable":true,"href":"https:\/\/www.kunertwellpappe.de\/de\/wp-json\/wp\/v2\/categories?post=4271"},{"taxonomy":"post_tag","embeddable":true,"href":"https:\/\/www.kunertwellpappe.de\/de\/wp-json\/wp\/v2\/tags?post=4271"}],"curies":[{"name":"wp","href":"https:\/\/api.w.org\/{rel}","templated":true}]}}