{"id":3105,"date":"2021-03-22T13:57:19","date_gmt":"2021-03-22T12:57:19","guid":{"rendered":"https:\/\/www.kunertwellpappe.de\/de\/?p=3105"},"modified":"2021-03-24T14:24:08","modified_gmt":"2021-03-24T13:24:08","slug":"die-verpackung-als-bestandteil-der-produktion","status":"publish","type":"post","link":"https:\/\/www.kunertwellpappe.de\/de\/die-verpackung-als-bestandteil-der-produktion\/","title":{"rendered":"Die Verpackung als Bestandteil der Produktion"},"content":{"rendered":"\t\t<div data-elementor-type=\"wp-post\" data-elementor-id=\"3105\" class=\"elementor elementor-3105\" data-elementor-settings=\"{&quot;element_pack_global_tooltip_width&quot;:{&quot;unit&quot;:&quot;px&quot;,&quot;size&quot;:&quot;&quot;,&quot;sizes&quot;:[]},&quot;element_pack_global_tooltip_width_tablet&quot;:{&quot;unit&quot;:&quot;px&quot;,&quot;size&quot;:&quot;&quot;,&quot;sizes&quot;:[]},&quot;element_pack_global_tooltip_width_mobile&quot;:{&quot;unit&quot;:&quot;px&quot;,&quot;size&quot;:&quot;&quot;,&quot;sizes&quot;:[]},&quot;element_pack_global_tooltip_padding&quot;:{&quot;unit&quot;:&quot;px&quot;,&quot;top&quot;:&quot;&quot;,&quot;right&quot;:&quot;&quot;,&quot;bottom&quot;:&quot;&quot;,&quot;left&quot;:&quot;&quot;,&quot;isLinked&quot;:true},&quot;element_pack_global_tooltip_padding_tablet&quot;:{&quot;unit&quot;:&quot;px&quot;,&quot;top&quot;:&quot;&quot;,&quot;right&quot;:&quot;&quot;,&quot;bottom&quot;:&quot;&quot;,&quot;left&quot;:&quot;&quot;,&quot;isLinked&quot;:true},&quot;element_pack_global_tooltip_padding_mobile&quot;:{&quot;unit&quot;:&quot;px&quot;,&quot;top&quot;:&quot;&quot;,&quot;right&quot;:&quot;&quot;,&quot;bottom&quot;:&quot;&quot;,&quot;left&quot;:&quot;&quot;,&quot;isLinked&quot;:true},&quot;element_pack_global_tooltip_border_radius&quot;:{&quot;unit&quot;:&quot;px&quot;,&quot;top&quot;:&quot;&quot;,&quot;right&quot;:&quot;&quot;,&quot;bottom&quot;:&quot;&quot;,&quot;left&quot;:&quot;&quot;,&quot;isLinked&quot;:true},&quot;element_pack_global_tooltip_border_radius_tablet&quot;:{&quot;unit&quot;:&quot;px&quot;,&quot;top&quot;:&quot;&quot;,&quot;right&quot;:&quot;&quot;,&quot;bottom&quot;:&quot;&quot;,&quot;left&quot;:&quot;&quot;,&quot;isLinked&quot;:true},&quot;element_pack_global_tooltip_border_radius_mobile&quot;:{&quot;unit&quot;:&quot;px&quot;,&quot;top&quot;:&quot;&quot;,&quot;right&quot;:&quot;&quot;,&quot;bottom&quot;:&quot;&quot;,&quot;left&quot;:&quot;&quot;,&quot;isLinked&quot;:true}}\" data-elementor-post-type=\"post\">\n\t\t\t\t\t\t<section class=\"elementor-section elementor-top-section elementor-element elementor-element-7419230e elementor-section-boxed elementor-section-height-default elementor-section-height-default\" data-id=\"7419230e\" data-element_type=\"section\" data-e-type=\"section\" data-settings=\"{&quot;jet_parallax_layout_list&quot;:[]}\">\n\t\t\t\t\t\t<div class=\"elementor-container elementor-column-gap-default\">\n\t\t\t\t\t<div class=\"elementor-column elementor-col-100 elementor-top-column elementor-element elementor-element-541854b2\" data-id=\"541854b2\" data-element_type=\"column\" data-e-type=\"column\">\n\t\t\t<div class=\"elementor-widget-wrap elementor-element-populated\">\n\t\t\t\t\t\t<div class=\"elementor-element elementor-element-ef17db2 elementor-widget elementor-widget-text-editor\" data-id=\"ef17db2\" data-element_type=\"widget\" data-e-type=\"widget\" data-widget_type=\"text-editor.default\">\n\t\t\t\t<div class=\"elementor-widget-container\">\n\t\t\t\t\t\t\t\t\t<p>Normalerweise kommen unsere Produktverpackungen ganz am Schluss. Dass dies nicht immer sein muss, zeigen wir am Beispiel einer Honigschleuder. Gemeinsam mit unserem Kunden aus der Region entwickelten wir ein individuelles und \u00f6kologisches Verpackungssystem aus Wellpappe, welches in den Produktionsprozess von Beginn an integriert ist.<\/p>\n<p>Da die Honigschleuder bei unserem Kunden in der Produktion mehrere Fertigungsschritte an unterschiedlichen Arbeitspl\u00e4tzen durchl\u00e4uft, haben wir das Verpackungsinlay gleich praktikabel in den Arbeitsalltag eingebunden. Das sorgt f\u00fcr eine Erleichterung im Herstellungsprozess und spart viel Zeit.<\/p>\n<p>Ein weiterer Vorteil: Wir entwickelten drei gleiche Inlays f\u00fcr die drei unterschiedlichen Durchmesser der Honigschleuder. Dank des universellen Stanz-Zuschnitts arbeitet der Kunde mit einer Verpackung f\u00fcr unterschiedliche Gr\u00f6\u00dfen des Produkts. Durch die passgenauen Ausstanzungen sitzt die Honigschleuder bei allen Arbeitsschritten und beim Transport fest im Verpackunsginlay der Verpackung. Dazu vermeiden wir durch die individuelle Passform Transportsch\u00e4den und sparen zus\u00e4tzliche Wellpappzuschnitte und Luftpolster.<\/p>\n<p>Der Endkunde kann \u2013 dank unserer innovativen Entwicklung \u2013 \u00fcber Laschen an der Seite und integrierten Handgriffen die Honigschleuder leicht entnehmen und die Verpackung auch wieder zum Einlagern platzsparend verwenden, da beim Auspacken kein Schaden entsteht.<\/p>\n<p>&nbsp;<\/p>\t\t\t\t\t\t\t\t<\/div>\n\t\t\t\t<\/div>\n\t\t\t\t\t<\/div>\n\t\t<\/div>\n\t\t\t\t\t<\/div>\n\t\t<\/section>\n\t\t\t\t<\/div>\n\t\t","protected":false},"excerpt":{"rendered":"<p>Normalerweise kommen unsere Produktverpackungen ganz am Schluss. Dass dies nicht immer sein muss, zeigen wir am Beispiel einer Honigschleuder. Gemeinsam mit unserem Kunden aus der Region entwickelten wir ein individuelles und \u00f6kologisches Verpackungssystem aus Wellpappe, welches in den Produktionsprozess von Beginn an integriert ist. Da die Honigschleuder bei unserem Kunden in der Produktion mehrere Fertigungsschritte &#8230; <a title=\"Die Verpackung als Bestandteil der Produktion\" class=\"read-more\" href=\"https:\/\/www.kunertwellpappe.de\/de\/die-verpackung-als-bestandteil-der-produktion\/\" aria-label=\"Mehr Informationen \u00fcber Die Verpackung als Bestandteil der Produktion\">Weiterlesen<\/a><\/p>\n","protected":false},"author":3,"featured_media":3107,"comment_status":"closed","ping_status":"open","sticky":false,"template":"","format":"standard","meta":{"_jf_save_progress":"","footnotes":""},"categories":[1,35],"tags":[],"class_list":["post-3105","post","type-post","status-publish","format-standard","has-post-thumbnail","hentry","category-allgemein","category-konstruktionsverpackung"],"_links":{"self":[{"href":"https:\/\/www.kunertwellpappe.de\/de\/wp-json\/wp\/v2\/posts\/3105","targetHints":{"allow":["GET"]}}],"collection":[{"href":"https:\/\/www.kunertwellpappe.de\/de\/wp-json\/wp\/v2\/posts"}],"about":[{"href":"https:\/\/www.kunertwellpappe.de\/de\/wp-json\/wp\/v2\/types\/post"}],"author":[{"embeddable":true,"href":"https:\/\/www.kunertwellpappe.de\/de\/wp-json\/wp\/v2\/users\/3"}],"replies":[{"embeddable":true,"href":"https:\/\/www.kunertwellpappe.de\/de\/wp-json\/wp\/v2\/comments?post=3105"}],"version-history":[{"count":5,"href":"https:\/\/www.kunertwellpappe.de\/de\/wp-json\/wp\/v2\/posts\/3105\/revisions"}],"predecessor-version":[{"id":3117,"href":"https:\/\/www.kunertwellpappe.de\/de\/wp-json\/wp\/v2\/posts\/3105\/revisions\/3117"}],"wp:featuredmedia":[{"embeddable":true,"href":"https:\/\/www.kunertwellpappe.de\/de\/wp-json\/wp\/v2\/media\/3107"}],"wp:attachment":[{"href":"https:\/\/www.kunertwellpappe.de\/de\/wp-json\/wp\/v2\/media?parent=3105"}],"wp:term":[{"taxonomy":"category","embeddable":true,"href":"https:\/\/www.kunertwellpappe.de\/de\/wp-json\/wp\/v2\/categories?post=3105"},{"taxonomy":"post_tag","embeddable":true,"href":"https:\/\/www.kunertwellpappe.de\/de\/wp-json\/wp\/v2\/tags?post=3105"}],"curies":[{"name":"wp","href":"https:\/\/api.w.org\/{rel}","templated":true}]}}