{"id":3040,"date":"2021-03-05T20:06:57","date_gmt":"2021-03-05T19:06:57","guid":{"rendered":"https:\/\/www.kunertwellpappe.de\/de\/?p=3040"},"modified":"2021-03-05T20:14:44","modified_gmt":"2021-03-05T19:14:44","slug":"wir-sind-dabei-infotage-jugend-beruf-am-19-20-maerz-digital","status":"publish","type":"post","link":"https:\/\/www.kunertwellpappe.de\/de\/wir-sind-dabei-infotage-jugend-beruf-am-19-20-maerz-digital\/","title":{"rendered":"Wir sind dabei &#8211; Infotage Jugend &#038; Beruf  am 19.-20. M\u00e4rz (digital)"},"content":{"rendered":"<p>zum 25-j\u00e4hrigen Jubil\u00e4um der Infotage Jugend &amp; Beruf \u00a0findet die Veranstaltung erstmals online statt. Bei der gr\u00f6\u00dften digitalen Ausbildungsmesse des Landkreises Rh\u00f6n-Grabfeld stellen wir mit 54 Mitausstellern 100 Ausbildungsberufe vor. Auf der Homepage <a href=\"http:\/\/www.jugend-beruf.de\/\" target=\"_blank\" rel=\"noopener\">www.jugend-beruf.de<\/a> \u00a0finden Sie zahlreiche Informationen rund um die Ausbildung in unserer Region.<\/p>\n<p>An beiden Messetagen<\/p>\n<p><strong>Freitag, 19. M\u00e4rz 2021 Tag der Sch\u00fcler 9 -12 Uhr<\/strong><br \/>\n<strong>Samstag, 20. M\u00e4rz 2021 Familientag 10 -13 Uhr<\/strong><\/p>\n<p>besteht die M\u00f6glichkeit, zu den genannten Uhrzeiten \u00fcber Videokonfernzlinks Kontakt zu den Firmen aufzunehmen.<br \/>\nWir freuen uns auf gro\u00dfes Interesse und w\u00fcnschen allen Beteiligten interessante Gespr\u00e4che und gute Kontakte.<\/p>\n<p>Ihr Kunert-Team<\/p>\n","protected":false},"excerpt":{"rendered":"<p>zum 25-j\u00e4hrigen Jubil\u00e4um der Infotage Jugend &amp; Beruf \u00a0findet die Veranstaltung erstmals online statt. Bei der gr\u00f6\u00dften digitalen Ausbildungsmesse des Landkreises Rh\u00f6n-Grabfeld stellen wir mit 54 Mitausstellern 100 Ausbildungsberufe vor. Auf der Homepage www.jugend-beruf.de \u00a0finden Sie zahlreiche Informationen rund um die Ausbildung in unserer Region. An beiden Messetagen Freitag, 19. M\u00e4rz 2021 Tag der Sch\u00fcler &#8230; <a title=\"Wir sind dabei &#8211; Infotage Jugend &#038; Beruf  am 19.-20. M\u00e4rz (digital)\" class=\"read-more\" href=\"https:\/\/www.kunertwellpappe.de\/de\/wir-sind-dabei-infotage-jugend-beruf-am-19-20-maerz-digital\/\" aria-label=\"Mehr Informationen \u00fcber Wir sind dabei &#8211; Infotage Jugend &#038; Beruf  am 19.-20. M\u00e4rz (digital)\">Weiterlesen<\/a><\/p>\n","protected":false},"author":3,"featured_media":3041,"comment_status":"closed","ping_status":"open","sticky":false,"template":"","format":"standard","meta":{"_jf_save_progress":"","footnotes":""},"categories":[18],"tags":[],"class_list":["post-3040","post","type-post","status-publish","format-standard","has-post-thumbnail","hentry","category-ausbildung"],"_links":{"self":[{"href":"https:\/\/www.kunertwellpappe.de\/de\/wp-json\/wp\/v2\/posts\/3040","targetHints":{"allow":["GET"]}}],"collection":[{"href":"https:\/\/www.kunertwellpappe.de\/de\/wp-json\/wp\/v2\/posts"}],"about":[{"href":"https:\/\/www.kunertwellpappe.de\/de\/wp-json\/wp\/v2\/types\/post"}],"author":[{"embeddable":true,"href":"https:\/\/www.kunertwellpappe.de\/de\/wp-json\/wp\/v2\/users\/3"}],"replies":[{"embeddable":true,"href":"https:\/\/www.kunertwellpappe.de\/de\/wp-json\/wp\/v2\/comments?post=3040"}],"version-history":[{"count":4,"href":"https:\/\/www.kunertwellpappe.de\/de\/wp-json\/wp\/v2\/posts\/3040\/revisions"}],"predecessor-version":[{"id":3046,"href":"https:\/\/www.kunertwellpappe.de\/de\/wp-json\/wp\/v2\/posts\/3040\/revisions\/3046"}],"wp:featuredmedia":[{"embeddable":true,"href":"https:\/\/www.kunertwellpappe.de\/de\/wp-json\/wp\/v2\/media\/3041"}],"wp:attachment":[{"href":"https:\/\/www.kunertwellpappe.de\/de\/wp-json\/wp\/v2\/media?parent=3040"}],"wp:term":[{"taxonomy":"category","embeddable":true,"href":"https:\/\/www.kunertwellpappe.de\/de\/wp-json\/wp\/v2\/categories?post=3040"},{"taxonomy":"post_tag","embeddable":true,"href":"https:\/\/www.kunertwellpappe.de\/de\/wp-json\/wp\/v2\/tags?post=3040"}],"curies":[{"name":"wp","href":"https:\/\/api.w.org\/{rel}","templated":true}]}}