{"id":2868,"date":"2021-02-09T13:46:40","date_gmt":"2021-02-09T12:46:40","guid":{"rendered":"https:\/\/www.kunertwellpappe.de\/de\/?p=2868"},"modified":"2021-02-09T14:24:29","modified_gmt":"2021-02-09T13:24:29","slug":"individuelle-verpackungsloesungen","status":"publish","type":"post","link":"https:\/\/www.kunertwellpappe.de\/de\/individuelle-verpackungsloesungen\/","title":{"rendered":"Individuelle Verpackungsl\u00f6sungen"},"content":{"rendered":"\t\t<div data-elementor-type=\"wp-post\" data-elementor-id=\"2868\" class=\"elementor elementor-2868\" data-elementor-settings=\"{&quot;element_pack_global_tooltip_width&quot;:{&quot;unit&quot;:&quot;px&quot;,&quot;size&quot;:&quot;&quot;,&quot;sizes&quot;:[]},&quot;element_pack_global_tooltip_width_tablet&quot;:{&quot;unit&quot;:&quot;px&quot;,&quot;size&quot;:&quot;&quot;,&quot;sizes&quot;:[]},&quot;element_pack_global_tooltip_width_mobile&quot;:{&quot;unit&quot;:&quot;px&quot;,&quot;size&quot;:&quot;&quot;,&quot;sizes&quot;:[]},&quot;element_pack_global_tooltip_padding&quot;:{&quot;unit&quot;:&quot;px&quot;,&quot;top&quot;:&quot;&quot;,&quot;right&quot;:&quot;&quot;,&quot;bottom&quot;:&quot;&quot;,&quot;left&quot;:&quot;&quot;,&quot;isLinked&quot;:true},&quot;element_pack_global_tooltip_padding_tablet&quot;:{&quot;unit&quot;:&quot;px&quot;,&quot;top&quot;:&quot;&quot;,&quot;right&quot;:&quot;&quot;,&quot;bottom&quot;:&quot;&quot;,&quot;left&quot;:&quot;&quot;,&quot;isLinked&quot;:true},&quot;element_pack_global_tooltip_padding_mobile&quot;:{&quot;unit&quot;:&quot;px&quot;,&quot;top&quot;:&quot;&quot;,&quot;right&quot;:&quot;&quot;,&quot;bottom&quot;:&quot;&quot;,&quot;left&quot;:&quot;&quot;,&quot;isLinked&quot;:true},&quot;element_pack_global_tooltip_border_radius&quot;:{&quot;unit&quot;:&quot;px&quot;,&quot;top&quot;:&quot;&quot;,&quot;right&quot;:&quot;&quot;,&quot;bottom&quot;:&quot;&quot;,&quot;left&quot;:&quot;&quot;,&quot;isLinked&quot;:true},&quot;element_pack_global_tooltip_border_radius_tablet&quot;:{&quot;unit&quot;:&quot;px&quot;,&quot;top&quot;:&quot;&quot;,&quot;right&quot;:&quot;&quot;,&quot;bottom&quot;:&quot;&quot;,&quot;left&quot;:&quot;&quot;,&quot;isLinked&quot;:true},&quot;element_pack_global_tooltip_border_radius_mobile&quot;:{&quot;unit&quot;:&quot;px&quot;,&quot;top&quot;:&quot;&quot;,&quot;right&quot;:&quot;&quot;,&quot;bottom&quot;:&quot;&quot;,&quot;left&quot;:&quot;&quot;,&quot;isLinked&quot;:true}}\" data-elementor-post-type=\"post\">\n\t\t\t\t\t\t<section class=\"elementor-section elementor-top-section elementor-element elementor-element-47350d2e elementor-section-boxed elementor-section-height-default elementor-section-height-default\" data-id=\"47350d2e\" data-element_type=\"section\" data-e-type=\"section\" data-settings=\"{&quot;jet_parallax_layout_list&quot;:[]}\">\n\t\t\t\t\t\t<div class=\"elementor-container elementor-column-gap-default\">\n\t\t\t\t\t<div class=\"elementor-column elementor-col-100 elementor-top-column elementor-element elementor-element-4411b87f\" data-id=\"4411b87f\" data-element_type=\"column\" data-e-type=\"column\">\n\t\t\t<div class=\"elementor-widget-wrap elementor-element-populated\">\n\t\t\t\t\t\t<div class=\"elementor-element elementor-element-7ec84af2 elementor-widget elementor-widget-text-editor\" data-id=\"7ec84af2\" data-element_type=\"widget\" data-e-type=\"widget\" data-widget_type=\"text-editor.default\">\n\t\t\t\t<div class=\"elementor-widget-container\">\n\t\t\t\t\t\t\t\t\t<strong>Damit Ihre Produkte platzsparend und vor allem sicher an\u2019s Ziel gelangen, finden wir bei uns im Haus individuelle Verpackungsl\u00f6sungen f\u00fcr Sie.<\/strong> <i><strong>F\u00fcr Ihre Anforderungen und f\u00fcr Ihre Logistikprozesse. <\/strong><\/i>\n\nUnser Entwicklungs-Team konstruiert vom ersten Schritt an <strong>ma\u00dfgeschneiderte Verpackungen<\/strong> und eine intelligente Anordnung \u2013 immer mit dem Fokus auf die ideale L\u00f6sung f\u00fcr Ihr Transport-Gut. So achten wir schon bei der Verpackungs-Entwicklung auf die <strong>containergerechten Au\u00dfenma\u00dfe<\/strong>, damit Sie ohne zus\u00e4tzliche Hilfsmittel der Ladungssicherung eine <strong>maximale Auslastung<\/strong> Ihrer \u00dcbersee-Container erreichen k\u00f6nnen. So reduzieren Sie mit unseren nachhaltigen Wellpappe-Verpackungen Ihre <strong>Transportkosten<\/strong>\u00a0 und <strong>sparen<\/strong> durch den Formschluss im Container auch zeitliche <strong>Ressourcen<\/strong>.\n<div><i><strong>Beispiel &#8211; Ma\u00dfgeschneiderte Verpackung f\u00fcr ein E-Auto-Getriebegeh\u00e4use:<\/strong><\/i><\/div>\n<ul>\n \t<li>Keine weiteren technischen Hilfsmittel beim Aufbau der Verpackung notwendig (Klammern und Leim)<\/li>\n \t<li>Nassfeste Verpackungs-Qualit\u00e4t f\u00fcr sicheren Versand<\/li>\n \t<li>Durch Formschluss im Container keine zus\u00e4tzlichen Hilfsmittel f\u00fcr Ladungssicherung notwendig<\/li>\n \t<li>Erf\u00fcllt alle Normen und Sicherheitsanforderungen f\u00fcr Ihren \u00dcbersee-Versand<\/li>\n \t<li>Kompletter Getriebegeh\u00e4use-Versand in einer Wellpapp-Versandpackung<\/li>\n<\/ul>\n\t\t\t\t\t\t\t\t<\/div>\n\t\t\t\t<\/div>\n\t\t\t\t<section class=\"elementor-section elementor-inner-section elementor-element elementor-element-6a7f297 elementor-section-boxed elementor-section-height-default elementor-section-height-default\" data-id=\"6a7f297\" data-element_type=\"section\" data-e-type=\"section\" data-settings=\"{&quot;jet_parallax_layout_list&quot;:[]}\">\n\t\t\t\t\t\t<div class=\"elementor-container elementor-column-gap-default\">\n\t\t\t\t\t<div class=\"elementor-column elementor-col-50 elementor-inner-column elementor-element elementor-element-609d9bd\" data-id=\"609d9bd\" data-element_type=\"column\" data-e-type=\"column\">\n\t\t\t<div class=\"elementor-widget-wrap elementor-element-populated\">\n\t\t\t\t\t\t<div class=\"elementor-element elementor-element-28331ff elementor-widget elementor-widget-text-editor\" data-id=\"28331ff\" data-element_type=\"widget\" data-e-type=\"widget\" data-widget_type=\"text-editor.default\">\n\t\t\t\t<div class=\"elementor-widget-container\">\n\t\t\t\t\t\t\t\t\t<p>\u00a0<\/p><div style=\"width: 1080px;\" class=\"wp-video\"><video class=\"wp-video-shortcode\" id=\"video-2868-1\" width=\"1080\" height=\"1080\" preload=\"metadata\" controls=\"controls\"><source type=\"video\/mp4\" src=\"https:\/\/www.kunertwellpappe.de\/de\/wp-content\/uploads\/2021\/02\/KUNERT-WEllPAPPE_Post_Getriebeverpackung.mp4?_=1\" \/><a href=\"https:\/\/www.kunertwellpappe.de\/de\/wp-content\/uploads\/2021\/02\/KUNERT-WEllPAPPE_Post_Getriebeverpackung.mp4\">https:\/\/www.kunertwellpappe.de\/de\/wp-content\/uploads\/2021\/02\/KUNERT-WEllPAPPE_Post_Getriebeverpackung.mp4<\/a><\/video><\/div>\t\t\t\t\t\t\t\t<\/div>\n\t\t\t\t<\/div>\n\t\t\t\t\t<\/div>\n\t\t<\/div>\n\t\t\t\t<div class=\"elementor-column elementor-col-50 elementor-inner-column elementor-element elementor-element-b1ec130\" data-id=\"b1ec130\" data-element_type=\"column\" data-e-type=\"column\">\n\t\t\t<div class=\"elementor-widget-wrap\">\n\t\t\t\t\t\t\t<\/div>\n\t\t<\/div>\n\t\t\t\t\t<\/div>\n\t\t<\/section>\n\t\t\t\t\t<\/div>\n\t\t<\/div>\n\t\t\t\t\t<\/div>\n\t\t<\/section>\n\t\t\t\t<\/div>\n\t\t","protected":false},"excerpt":{"rendered":"<p>Damit Ihre Produkte platzsparend und vor allem sicher an\u2019s Ziel gelangen, finden wir bei uns im Haus individuelle Verpackungsl\u00f6sungen f\u00fcr Sie. F\u00fcr Ihre Anforderungen und f\u00fcr Ihre Logistikprozesse. Unser Entwicklungs-Team konstruiert vom ersten Schritt an ma\u00dfgeschneiderte Verpackungen und eine intelligente Anordnung \u2013 immer mit dem Fokus auf die ideale L\u00f6sung f\u00fcr Ihr Transport-Gut. So achten &#8230; <a title=\"Individuelle Verpackungsl\u00f6sungen\" class=\"read-more\" href=\"https:\/\/www.kunertwellpappe.de\/de\/individuelle-verpackungsloesungen\/\" aria-label=\"Mehr Informationen \u00fcber Individuelle Verpackungsl\u00f6sungen\">Weiterlesen<\/a><\/p>\n","protected":false},"author":3,"featured_media":2870,"comment_status":"closed","ping_status":"open","sticky":false,"template":"","format":"standard","meta":{"_jf_save_progress":"","footnotes":""},"categories":[34,35,7],"tags":[],"class_list":["post-2868","post","type-post","status-publish","format-standard","has-post-thumbnail","hentry","category-automobilbranche","category-konstruktionsverpackung","category-verpackungsloesung"],"_links":{"self":[{"href":"https:\/\/www.kunertwellpappe.de\/de\/wp-json\/wp\/v2\/posts\/2868","targetHints":{"allow":["GET"]}}],"collection":[{"href":"https:\/\/www.kunertwellpappe.de\/de\/wp-json\/wp\/v2\/posts"}],"about":[{"href":"https:\/\/www.kunertwellpappe.de\/de\/wp-json\/wp\/v2\/types\/post"}],"author":[{"embeddable":true,"href":"https:\/\/www.kunertwellpappe.de\/de\/wp-json\/wp\/v2\/users\/3"}],"replies":[{"embeddable":true,"href":"https:\/\/www.kunertwellpappe.de\/de\/wp-json\/wp\/v2\/comments?post=2868"}],"version-history":[{"count":5,"href":"https:\/\/www.kunertwellpappe.de\/de\/wp-json\/wp\/v2\/posts\/2868\/revisions"}],"predecessor-version":[{"id":2876,"href":"https:\/\/www.kunertwellpappe.de\/de\/wp-json\/wp\/v2\/posts\/2868\/revisions\/2876"}],"wp:featuredmedia":[{"embeddable":true,"href":"https:\/\/www.kunertwellpappe.de\/de\/wp-json\/wp\/v2\/media\/2870"}],"wp:attachment":[{"href":"https:\/\/www.kunertwellpappe.de\/de\/wp-json\/wp\/v2\/media?parent=2868"}],"wp:term":[{"taxonomy":"category","embeddable":true,"href":"https:\/\/www.kunertwellpappe.de\/de\/wp-json\/wp\/v2\/categories?post=2868"},{"taxonomy":"post_tag","embeddable":true,"href":"https:\/\/www.kunertwellpappe.de\/de\/wp-json\/wp\/v2\/tags?post=2868"}],"curies":[{"name":"wp","href":"https:\/\/api.w.org\/{rel}","templated":true}]}}