{"id":2304,"date":"2020-01-13T12:47:54","date_gmt":"2020-01-13T11:47:54","guid":{"rendered":"https:\/\/www.kunertwellpappe.de\/de\/?p=2304"},"modified":"2020-11-13T12:53:59","modified_gmt":"2020-11-13T11:53:59","slug":"faltkisten-aus-schwerwellpappe-mit-konstruktiver-inneneinrichtung%e2%80%8b-durchdacht-und-effizient","status":"publish","type":"post","link":"https:\/\/www.kunertwellpappe.de\/de\/faltkisten-aus-schwerwellpappe-mit-konstruktiver-inneneinrichtung%e2%80%8b-durchdacht-und-effizient\/","title":{"rendered":"Faltkisten aus Schwerwellpappe mit konstruktiver Inneneinrichtung\u200b: Durchdacht und effizient"},"content":{"rendered":"<h3>Intelligente Inneneinrichtung &#8211; f\u00fcr Roboterbest\u00fcckung ausgelegt\u200b<\/h3>\n<p>Unsere stabile Faltkiste aus Schwerwellpappe sorgt zum Beispiel f\u00fcr den sicheren <strong>Transport von 36 Radlagern, angeordnet in drei Lagen<\/strong>. Diese tragende Facheinteilung gew\u00e4hrleistet eine <strong>vierfache Stapelf\u00e4higkeit Ihrer Produkte<\/strong> \u2013 und das bei einem Gewicht von 126 kg pro Faltkiste. Auf diese Weise erf\u00fcllt die Faltkiste alle Anforderungen, die Sie als Automobilhersteller oder Maschinenbauer an eine ma\u00dfgeschneiderte Verpackungsl\u00f6sung haben: Die Radbolzen und Lager werden nicht belastet, die empfindlichen Lager ber\u00fchren einander nicht und eine effiziente Logistik wird gew\u00e4hrleistet.<\/p>\n<p>Unser Team hat entsprechend Ihrer Bed\u00fcrfnisse eine Verpackung aus Schwerwellpappe entwickelt, in der die Radlager in jeweils f\u00fcnf Ausstanzungen sitzen. Allein das Gefache, also der Stegeinsatz, tr\u00e4gt die n\u00e4chste Lage. Angeliefert wird die <strong>Verpackung flach, wodurch Lagerfl\u00e4che gespart<\/strong> wird. Und dennoch lassen sich die Stege schnell und einfach aufstellen. Zus\u00e4tzlich wurde <strong>die Verpackung darauf ausgerichtet, dass Roboter die Radlager einlegen k\u00f6nnen<\/strong>. So haben wir zum Beispiel auf die Deckelklappen verzichtet und die Kiste stattdessen mit einem St\u00fclpdeckel versehen.<\/p>\n<ul>\n<li>Mit einer Gr\u00f6\u00dfe von 800 x 600 mm entspricht die Faltkiste der Fl\u00e4che einer halben Europalette.<\/li>\n<li>Mit der vierfachen Stapelf\u00e4higkeit erm\u00f6glicht die Faltkiste eine optimale Raumauslastung im Lkw.<\/li>\n<li>Die Faltkiste ist ein echtes Einstoff-Produkt aus Wellpappe und kann bequem \u00fcber den Altpapierkreislauf recycelt werden.<\/li>\n<\/ul>\n","protected":false},"excerpt":{"rendered":"<p>Intelligente Inneneinrichtung &#8211; f\u00fcr Roboterbest\u00fcckung ausgelegt\u200b Unsere stabile Faltkiste aus Schwerwellpappe sorgt zum Beispiel f\u00fcr den sicheren Transport von 36 Radlagern, angeordnet in drei Lagen. Diese tragende Facheinteilung gew\u00e4hrleistet eine vierfache Stapelf\u00e4higkeit Ihrer Produkte \u2013 und das bei einem Gewicht von 126 kg pro Faltkiste. Auf diese Weise erf\u00fcllt die Faltkiste alle Anforderungen, die Sie &#8230; <a title=\"Faltkisten aus Schwerwellpappe mit konstruktiver Inneneinrichtung\u200b: Durchdacht und effizient\" class=\"read-more\" href=\"https:\/\/www.kunertwellpappe.de\/de\/faltkisten-aus-schwerwellpappe-mit-konstruktiver-inneneinrichtung%e2%80%8b-durchdacht-und-effizient\/\" aria-label=\"Mehr Informationen \u00fcber Faltkisten aus Schwerwellpappe mit konstruktiver Inneneinrichtung\u200b: Durchdacht und effizient\">Weiterlesen<\/a><\/p>\n","protected":false},"author":3,"featured_media":341,"comment_status":"closed","ping_status":"open","sticky":false,"template":"","format":"standard","meta":{"_jf_save_progress":"","footnotes":""},"categories":[7,34,35],"tags":[36,37],"class_list":["post-2304","post","type-post","status-publish","format-standard","has-post-thumbnail","hentry","category-verpackungsloesung","category-automobilbranche","category-konstruktionsverpackung","tag-faltkisten","tag-konstruktive-inneneinrichtung"],"_links":{"self":[{"href":"https:\/\/www.kunertwellpappe.de\/de\/wp-json\/wp\/v2\/posts\/2304","targetHints":{"allow":["GET"]}}],"collection":[{"href":"https:\/\/www.kunertwellpappe.de\/de\/wp-json\/wp\/v2\/posts"}],"about":[{"href":"https:\/\/www.kunertwellpappe.de\/de\/wp-json\/wp\/v2\/types\/post"}],"author":[{"embeddable":true,"href":"https:\/\/www.kunertwellpappe.de\/de\/wp-json\/wp\/v2\/users\/3"}],"replies":[{"embeddable":true,"href":"https:\/\/www.kunertwellpappe.de\/de\/wp-json\/wp\/v2\/comments?post=2304"}],"version-history":[{"count":1,"href":"https:\/\/www.kunertwellpappe.de\/de\/wp-json\/wp\/v2\/posts\/2304\/revisions"}],"predecessor-version":[{"id":2305,"href":"https:\/\/www.kunertwellpappe.de\/de\/wp-json\/wp\/v2\/posts\/2304\/revisions\/2305"}],"wp:featuredmedia":[{"embeddable":true,"href":"https:\/\/www.kunertwellpappe.de\/de\/wp-json\/wp\/v2\/media\/341"}],"wp:attachment":[{"href":"https:\/\/www.kunertwellpappe.de\/de\/wp-json\/wp\/v2\/media?parent=2304"}],"wp:term":[{"taxonomy":"category","embeddable":true,"href":"https:\/\/www.kunertwellpappe.de\/de\/wp-json\/wp\/v2\/categories?post=2304"},{"taxonomy":"post_tag","embeddable":true,"href":"https:\/\/www.kunertwellpappe.de\/de\/wp-json\/wp\/v2\/tags?post=2304"}],"curies":[{"name":"wp","href":"https:\/\/api.w.org\/{rel}","templated":true}]}}