{"id":2129,"date":"2020-10-23T12:14:22","date_gmt":"2020-10-23T10:14:22","guid":{"rendered":"https:\/\/www.kunertwellpappe.de\/de\/?p=2129"},"modified":"2020-10-23T12:17:52","modified_gmt":"2020-10-23T10:17:52","slug":"daniel-braun-ist-der-beste-seines-fachs-kunert-lehrling-schliesst-ausbildung-als-kammersieger-ab","status":"publish","type":"post","link":"https:\/\/www.kunertwellpappe.de\/de\/daniel-braun-ist-der-beste-seines-fachs-kunert-lehrling-schliesst-ausbildung-als-kammersieger-ab\/","title":{"rendered":"Daniel Braun ist der Beste seines Fachs &#8211; Kunert-Lehrling schlie\u00dft Ausbildung als Kammersieger ab"},"content":{"rendered":"\t\t<div data-elementor-type=\"wp-post\" data-elementor-id=\"2129\" class=\"elementor elementor-2129\" data-elementor-settings=\"{&quot;element_pack_global_tooltip_width&quot;:{&quot;unit&quot;:&quot;px&quot;,&quot;size&quot;:&quot;&quot;,&quot;sizes&quot;:[]},&quot;element_pack_global_tooltip_width_tablet&quot;:{&quot;unit&quot;:&quot;px&quot;,&quot;size&quot;:&quot;&quot;,&quot;sizes&quot;:[]},&quot;element_pack_global_tooltip_width_mobile&quot;:{&quot;unit&quot;:&quot;px&quot;,&quot;size&quot;:&quot;&quot;,&quot;sizes&quot;:[]},&quot;element_pack_global_tooltip_padding&quot;:{&quot;unit&quot;:&quot;px&quot;,&quot;top&quot;:&quot;&quot;,&quot;right&quot;:&quot;&quot;,&quot;bottom&quot;:&quot;&quot;,&quot;left&quot;:&quot;&quot;,&quot;isLinked&quot;:true},&quot;element_pack_global_tooltip_padding_tablet&quot;:{&quot;unit&quot;:&quot;px&quot;,&quot;top&quot;:&quot;&quot;,&quot;right&quot;:&quot;&quot;,&quot;bottom&quot;:&quot;&quot;,&quot;left&quot;:&quot;&quot;,&quot;isLinked&quot;:true},&quot;element_pack_global_tooltip_padding_mobile&quot;:{&quot;unit&quot;:&quot;px&quot;,&quot;top&quot;:&quot;&quot;,&quot;right&quot;:&quot;&quot;,&quot;bottom&quot;:&quot;&quot;,&quot;left&quot;:&quot;&quot;,&quot;isLinked&quot;:true},&quot;element_pack_global_tooltip_border_radius&quot;:{&quot;unit&quot;:&quot;px&quot;,&quot;top&quot;:&quot;&quot;,&quot;right&quot;:&quot;&quot;,&quot;bottom&quot;:&quot;&quot;,&quot;left&quot;:&quot;&quot;,&quot;isLinked&quot;:true},&quot;element_pack_global_tooltip_border_radius_tablet&quot;:{&quot;unit&quot;:&quot;px&quot;,&quot;top&quot;:&quot;&quot;,&quot;right&quot;:&quot;&quot;,&quot;bottom&quot;:&quot;&quot;,&quot;left&quot;:&quot;&quot;,&quot;isLinked&quot;:true},&quot;element_pack_global_tooltip_border_radius_mobile&quot;:{&quot;unit&quot;:&quot;px&quot;,&quot;top&quot;:&quot;&quot;,&quot;right&quot;:&quot;&quot;,&quot;bottom&quot;:&quot;&quot;,&quot;left&quot;:&quot;&quot;,&quot;isLinked&quot;:true}}\" data-elementor-post-type=\"post\">\n\t\t\t\t\t\t<section class=\"elementor-section elementor-top-section elementor-element elementor-element-7ec62fc5 elementor-section-boxed elementor-section-height-default elementor-section-height-default\" data-id=\"7ec62fc5\" data-element_type=\"section\" data-e-type=\"section\" data-settings=\"{&quot;jet_parallax_layout_list&quot;:[]}\">\n\t\t\t\t\t\t<div class=\"elementor-container elementor-column-gap-default\">\n\t\t\t\t\t<div class=\"elementor-column elementor-col-100 elementor-top-column elementor-element elementor-element-32436b0e\" data-id=\"32436b0e\" data-element_type=\"column\" data-e-type=\"column\">\n\t\t\t<div class=\"elementor-widget-wrap elementor-element-populated\">\n\t\t\t\t\t\t<div class=\"elementor-element elementor-element-5a7ef570 elementor-widget elementor-widget-text-editor\" data-id=\"5a7ef570\" data-element_type=\"widget\" data-e-type=\"widget\" data-widget_type=\"text-editor.default\">\n\t\t\t\t<div class=\"elementor-widget-container\">\n\t\t\t\t\t\t\t\t\tBad Neustadt. Daniel Braun und die Firma Kunert Wellpappe k\u00f6nnen in der Tat stolz sein. Der 27-j\u00e4hrige Strahlunger ist der Beste in seinem Ausbildungsberuf zum Packmitteltechnologen. Braun belegte bei der Abschlusspr\u00fcfung seiner Ausbildung den ersten Platz und darf sich nun Kammersieger nennen. Insgesamt waren 3920 Teilnehmerinnen und Teilnehmer zu den diesj\u00e4hrigen IHK-Abschlusspr\u00fcfungen angetreten. Zwei Prozent erzielten dabei besonders hervorragende Leistungen. Daniel Braun war einer davon.\r\n\r\nWenngleich die \u00fcblichen IHK-Feierlichkeiten coronabedingt ausfallen m\u00fcssen, lie\u00df es sich Kunert-Gesch\u00e4ftsf\u00fchrer Mathias Kunert nicht nehmen, dem frisch gebackenen Gesellen in einer internen Feierstunde zu gratulieren und ihm f\u00fcr seinen Einsatz f\u00fcr die Firma zu danken. Selbstverst\u00e4ndlich, so Kunert, werde man den Spitzen-Absolventen auch \u00fcbernehmen und im Werkzeugbau einsetzen.\r\n\r\nDer Betriebsleiter Matthias Then und der Ausbildungsleiter Wolfgang Perleth schlossen sich den Gl\u00fcckw\u00fcnschen an und freuten sich \u00fcber eine ausgezeichnete Verst\u00e4rkung f\u00fcr die Kunert-Belegschaft in Bad Neustadt.\r\n\r\nAuch IHK Pr\u00e4sident Dr. Klaus D. Mapara gratulierte dem Unternehmen in einem Brief und unterstrich den hohen bildungs- und gesellschaftspolitischen Beitrag, welchen mittelst\u00e4ndische Ausbildungsunternehmen wie Kunert Wellpappe leisten.\r\n\r\nFoto: Lisa Kessler\r\n\r\nv.l.n.r. Mathias Kunert (Gesch\u00e4ftsf\u00fchrer), Matthias Then (Betriebsleiter), Daniel Braun (Kammersieger) und Wolfgang Perleth (Ausbildungsleiter)\t\t\t\t\t\t\t\t<\/div>\n\t\t\t\t<\/div>\n\t\t\t\t<div class=\"elementor-element elementor-element-09c5fae elementor-widget-divider--view-line elementor-widget elementor-widget-divider\" data-id=\"09c5fae\" data-element_type=\"widget\" data-e-type=\"widget\" data-widget_type=\"divider.default\">\n\t\t\t\t<div class=\"elementor-widget-container\">\n\t\t\t\t\t\t\t<div class=\"elementor-divider\">\n\t\t\t<span class=\"elementor-divider-separator\">\n\t\t\t\t\t\t<\/span>\n\t\t<\/div>\n\t\t\t\t\t\t<\/div>\n\t\t\t\t<\/div>\n\t\t\t\t<div class=\"elementor-element elementor-element-3e574c4 elementor-widget elementor-widget-text-editor\" data-id=\"3e574c4\" data-element_type=\"widget\" data-e-type=\"widget\" data-widget_type=\"text-editor.default\">\n\t\t\t\t<div class=\"elementor-widget-container\">\n\t\t\t\t\t\t\t\t\t<p style=\"text-align: right;\">\n<\/p><p style=\"text-align: right;\">Foto: Lisa Kessler<\/p>\n<p>v.l.n.r. Mathias Kunert (Gesch\u00e4ftsf\u00fchrer), Matthias Then (Betriebsleiter), <br>Daniel Braun (Kammersieger) und Wolfgang Perleth (Ausbildungsleiter)<\/p>\t\t\t\t\t\t\t\t<\/div>\n\t\t\t\t<\/div>\n\t\t\t\t\t<\/div>\n\t\t<\/div>\n\t\t\t\t\t<\/div>\n\t\t<\/section>\n\t\t\t\t<\/div>\n\t\t","protected":false},"excerpt":{"rendered":"<p>Bad Neustadt. Daniel Braun und die Firma Kunert Wellpappe k\u00f6nnen in der Tat stolz sein. Der 27-j\u00e4hrige Strahlunger ist der Beste in seinem Ausbildungsberuf zum Packmitteltechnologen. Braun belegte bei der Abschlusspr\u00fcfung seiner Ausbildung den ersten Platz und darf sich nun Kammersieger nennen. Insgesamt waren 3920 Teilnehmerinnen und Teilnehmer zu den diesj\u00e4hrigen IHK-Abschlusspr\u00fcfungen angetreten. Zwei Prozent &#8230; <a title=\"Daniel Braun ist der Beste seines Fachs &#8211; Kunert-Lehrling schlie\u00dft Ausbildung als Kammersieger ab\" class=\"read-more\" href=\"https:\/\/www.kunertwellpappe.de\/de\/daniel-braun-ist-der-beste-seines-fachs-kunert-lehrling-schliesst-ausbildung-als-kammersieger-ab\/\" aria-label=\"Mehr Informationen \u00fcber Daniel Braun ist der Beste seines Fachs &#8211; Kunert-Lehrling schlie\u00dft Ausbildung als Kammersieger ab\">Weiterlesen<\/a><\/p>\n","protected":false},"author":3,"featured_media":2130,"comment_status":"closed","ping_status":"open","sticky":false,"template":"","format":"standard","meta":{"_jf_save_progress":"","footnotes":""},"categories":[18],"tags":[21],"class_list":["post-2129","post","type-post","status-publish","format-standard","has-post-thumbnail","hentry","category-ausbildung","tag-kammersieger"],"_links":{"self":[{"href":"https:\/\/www.kunertwellpappe.de\/de\/wp-json\/wp\/v2\/posts\/2129","targetHints":{"allow":["GET"]}}],"collection":[{"href":"https:\/\/www.kunertwellpappe.de\/de\/wp-json\/wp\/v2\/posts"}],"about":[{"href":"https:\/\/www.kunertwellpappe.de\/de\/wp-json\/wp\/v2\/types\/post"}],"author":[{"embeddable":true,"href":"https:\/\/www.kunertwellpappe.de\/de\/wp-json\/wp\/v2\/users\/3"}],"replies":[{"embeddable":true,"href":"https:\/\/www.kunertwellpappe.de\/de\/wp-json\/wp\/v2\/comments?post=2129"}],"version-history":[{"count":3,"href":"https:\/\/www.kunertwellpappe.de\/de\/wp-json\/wp\/v2\/posts\/2129\/revisions"}],"predecessor-version":[{"id":2133,"href":"https:\/\/www.kunertwellpappe.de\/de\/wp-json\/wp\/v2\/posts\/2129\/revisions\/2133"}],"wp:featuredmedia":[{"embeddable":true,"href":"https:\/\/www.kunertwellpappe.de\/de\/wp-json\/wp\/v2\/media\/2130"}],"wp:attachment":[{"href":"https:\/\/www.kunertwellpappe.de\/de\/wp-json\/wp\/v2\/media?parent=2129"}],"wp:term":[{"taxonomy":"category","embeddable":true,"href":"https:\/\/www.kunertwellpappe.de\/de\/wp-json\/wp\/v2\/categories?post=2129"},{"taxonomy":"post_tag","embeddable":true,"href":"https:\/\/www.kunertwellpappe.de\/de\/wp-json\/wp\/v2\/tags?post=2129"}],"curies":[{"name":"wp","href":"https:\/\/api.w.org\/{rel}","templated":true}]}}